{"id":8036,"date":"2024-01-04T15:30:08","date_gmt":"2024-01-04T14:30:08","guid":{"rendered":"https:\/\/www.hdebalzac.fr\/?p=8036"},"modified":"2024-01-24T15:30:24","modified_gmt":"2024-01-24T14:30:24","slug":"le-verger-ecole-un-environnement-dapprentissage-enrichissant","status":"publish","type":"post","link":"https:\/\/www.hdebalzac.fr\/index.php\/2024\/01\/04\/le-verger-ecole-un-environnement-dapprentissage-enrichissant\/","title":{"rendered":"Le Verger \u00c9cole : Un environnement d&rsquo;apprentissage enrichissant"},"content":{"rendered":"\n<p><em>Au Lyc\u00e9e Agricole Honor\u00e9 de Balzac, l&rsquo;\u00e9ducation ne se limite pas aux salles de classe traditionnelles. R\u00e9cemment, le lyc\u00e9e a ouvert un nouveau chapitre de son histoire avec l&rsquo;introduction du \u00ab\u00a0Verger \u00c9cole\u00a0\u00bb. Cette initiative novatrice repr\u00e9sente une opportunit\u00e9 unique pour les <\/em>\u00e9l\u00e8ves <em>de d\u00e9velopper des comp\u00e9tences pratiques tout en s&rsquo;immergeant dans l&rsquo;agriculture durable.<\/em><\/p>\n\n\n\n<p>\u00ab\u00a0<strong>Cultiver des Pommes, Cultiver des Esprits<\/strong>\u00ab\u00a0<\/p>\n\n\n\n<p>En 2016, un verger de 150 pommiers a \u00e9t\u00e9 plant\u00e9 sur une parcelle de 1600 m\u00b2 du domaine de Restincli\u00e8res dans le cadre d&rsquo;une exp\u00e9rimentation en agroforesterie fruiti\u00e8re men\u00e9e par l&rsquo;INRAE (UMR \u00ab\u00a0Syst\u00e8mes forestiers\u00a0\u00bb). Cette exp\u00e9rimentation avait pour objectif de comprendre comment les pommiers pouvaient prosp\u00e9rer aux c\u00f4t\u00e9s des noyers d\u00e9j\u00e0 pr\u00e9sents. Aujourd&rsquo;hui, en 2023, cette passionnante exp\u00e9rimentation arrive \u00e0 son terme, et le site devient le \u00ab\u00a0Verger \u00c9cole\u00a0\u00bb du lyc\u00e9e agricole Honor\u00e9 de Balzac.<\/p>\n\n\n\n<p><strong>Le Verger \u00c9cole : Un outil p\u00e9dagogique polyvalent<\/strong><\/p>\n\n\n\n<p>1. Formation en Conduite de Productions Horticoles (CPH)<\/p>\n\n\n\n<p>Le Verger \u00c9cole est bien plus qu&rsquo;un simple verger. Il est le principal outil d&rsquo;apprentissage pour les \u00e9tudiants de la fili\u00e8re \u00ab\u00a0conduite de productions horticoles\u00a0\u00bb (CPH) du lyc\u00e9e. Les \u00e9l\u00e8ves de la classe de premi\u00e8re CPH jouent un r\u00f4le actif dans la gestion du verger sous la supervision de leurs professeurs de STH (Sciences et Techniques Horticoles) et de Biologie-\u00c9cologie. Depuis septembre 2023, ces \u00e9l\u00e8ves ont entrepris diverses activit\u00e9s, allant de la cartographie du verger \u00e0 la r\u00e9colte des pommes, en passant par des rencontres avec l&rsquo;\u00e9quipe de l&rsquo;INRAE et les apiculteurs du Domaine de Restincli\u00e8res. Cette immersion compl\u00e8te leur permettra de g\u00e9rer le verger de mani\u00e8re durable et responsable. De plus, les classes de CPH de seconde et terminale auront \u00e9galement l&rsquo;occasion de visiter ce site d&rsquo;apprentissage unique.<\/p>\n\n\n\n<p>2. P\u00e9dagogie Active pour Toutes les Fili\u00e8res<\/p>\n\n\n\n<p>Le Verger \u00c9cole ne se limite pas \u00e0 la fili\u00e8re CPH. Il est un outil p\u00e9dagogique polyvalent pour toutes les fili\u00e8res du lyc\u00e9e&nbsp;: la fili\u00e8re BIT (Bac pro Bio-industries de transformation) pour la production de compote, la fili\u00e8re STAV (Sciences et Technologies de l&rsquo;Agronomie et du Vivant) et les autres fili\u00e8res du bac professionnel. Gr\u00e2ce \u00e0 un nouveau r\u00e9f\u00e9rentiel \u00e9ducatif introduit en 2023-2024, les \u00e9l\u00e8ves peuvent d\u00e9sormais exploiter le verger pour contextualiser leur apprentissage. La d\u00e9marche scientifique devient plus tangible, permettant aux enseignants de biologie-\u00e9cologie, de physique-chimie et de math\u00e9matiques de cr\u00e9er des liens concrets entre la th\u00e9orie et la pratique. Le Verger \u00c9cole est bien plus qu&rsquo;un simple champ d\u2019arbres fruitiers. C&rsquo;est un environnement d&rsquo;apprentissage stimulant, o\u00f9 les \u00e9l\u00e8ves acqui\u00e8rent des comp\u00e9tences pratiques et explorent la nature dans un cadre \u00e9ducatif. En tant qu&rsquo;exp\u00e9rience \u00e9ducative en constante \u00e9volution, cette parcelle agricole montre comment la symbiose entre l&rsquo;\u00e9ducation et la nature peut donner naissance \u00e0 une nouvelle g\u00e9n\u00e9ration d&rsquo;apprenants engag\u00e9s et responsables. Il n&rsquo;est pas simplement un verger de pommiers, mais un lieu o\u00f9 la curiosit\u00e9 et l&rsquo;apprentissage se rencontrent<\/p>\n\n\n\n<figure class=\"wp-block-gallery has-nested-images columns-default is-cropped wp-block-gallery-1 is-layout-flex wp-block-gallery-is-layout-flex\">\n<figure class=\"wp-block-image size-large\"><img fetchpriority=\"high\" decoding=\"async\" width=\"1024\" height=\"768\" data-id=\"8038\" src=\"https:\/\/www.hdebalzac.fr\/wp-content\/uploads\/2023\/12\/verger-ecole-1-1024x768.jpg\" alt=\"\" class=\"wp-image-8038\" srcset=\"https:\/\/www.hdebalzac.fr\/wp-content\/uploads\/2023\/12\/verger-ecole-1-1024x768.jpg 1024w, https:\/\/www.hdebalzac.fr\/wp-content\/uploads\/2023\/12\/verger-ecole-1-300x225.jpg 300w, https:\/\/www.hdebalzac.fr\/wp-content\/uploads\/2023\/12\/verger-ecole-1-768x576.jpg 768w, https:\/\/www.hdebalzac.fr\/wp-content\/uploads\/2023\/12\/verger-ecole-1.jpg 1212w\" sizes=\"(max-width: 1024px) 100vw, 1024px\" \/><\/figure>\n\n\n\n<figure class=\"wp-block-image size-large\"><img decoding=\"async\" width=\"1024\" height=\"768\" data-id=\"8037\" src=\"https:\/\/www.hdebalzac.fr\/wp-content\/uploads\/2023\/12\/verger-ecole-2-1024x768.jpg\" alt=\"\" class=\"wp-image-8037\" srcset=\"https:\/\/www.hdebalzac.fr\/wp-content\/uploads\/2023\/12\/verger-ecole-2-1024x768.jpg 1024w, https:\/\/www.hdebalzac.fr\/wp-content\/uploads\/2023\/12\/verger-ecole-2-300x225.jpg 300w, https:\/\/www.hdebalzac.fr\/wp-content\/uploads\/2023\/12\/verger-ecole-2-768x576.jpg 768w, https:\/\/www.hdebalzac.fr\/wp-content\/uploads\/2023\/12\/verger-ecole-2.jpg 1212w\" sizes=\"(max-width: 1024px) 100vw, 1024px\" \/><\/figure>\n<\/figure>\n","protected":false},"excerpt":{"rendered":"<p>Au Lyc\u00e9e Agricole Honor\u00e9 de Balzac, l&rsquo;\u00e9ducation ne se limite pas aux salles de classe traditionnelles. R\u00e9cemment, le lyc\u00e9e a ouvert un nouveau chapitre de son histoire avec l&rsquo;introduction du [&hellip;]<\/p>\n","protected":false},"author":9,"featured_media":8039,"comment_status":"closed","ping_status":"open","sticky":false,"template":"","format":"standard","meta":{"ocean_post_layout":"","ocean_both_sidebars_style":"","ocean_both_sidebars_content_width":0,"ocean_both_sidebars_sidebars_width":0,"ocean_sidebar":"0","ocean_second_sidebar":"0","ocean_disable_margins":"enable","ocean_add_body_class":"","ocean_shortcode_before_top_bar":"","ocean_shortcode_after_top_bar":"","ocean_shortcode_before_header":"","ocean_shortcode_after_header":"","ocean_has_shortcode":"","ocean_shortcode_after_title":"","ocean_shortcode_before_footer_widgets":"","ocean_shortcode_after_footer_widgets":"","ocean_shortcode_before_footer_bottom":"","ocean_shortcode_after_footer_bottom":"","ocean_display_top_bar":"default","ocean_display_header":"default","ocean_header_style":"","ocean_center_header_left_menu":"0","ocean_custom_header_template":"0","ocean_custom_logo":0,"ocean_custom_retina_logo":0,"ocean_custom_logo_max_width":0,"ocean_custom_logo_tablet_max_width":0,"ocean_custom_logo_mobile_max_width":0,"ocean_custom_logo_max_height":0,"ocean_custom_logo_tablet_max_height":0,"ocean_custom_logo_mobile_max_height":0,"ocean_header_custom_menu":"0","ocean_menu_typo_font_family":"0","ocean_menu_typo_font_subset":"","ocean_menu_typo_font_size":0,"ocean_menu_typo_font_size_tablet":0,"ocean_menu_typo_font_size_mobile":0,"ocean_menu_typo_font_size_unit":"px","ocean_menu_typo_font_weight":"","ocean_menu_typo_font_weight_tablet":"","ocean_menu_typo_font_weight_mobile":"","ocean_menu_typo_transform":"","ocean_menu_typo_transform_tablet":"","ocean_menu_typo_transform_mobile":"","ocean_menu_typo_line_height":0,"ocean_menu_typo_line_height_tablet":0,"ocean_menu_typo_line_height_mobile":0,"ocean_menu_typo_line_height_unit":"","ocean_menu_typo_spacing":0,"ocean_menu_typo_spacing_tablet":0,"ocean_menu_typo_spacing_mobile":0,"ocean_menu_typo_spacing_unit":"","ocean_menu_link_color":"","ocean_menu_link_color_hover":"","ocean_menu_link_color_active":"","ocean_menu_link_background":"","ocean_menu_link_hover_background":"","ocean_menu_link_active_background":"","ocean_menu_social_links_bg":"","ocean_menu_social_hover_links_bg":"","ocean_menu_social_links_color":"","ocean_menu_social_hover_links_color":"","ocean_disable_title":"default","ocean_disable_heading":"default","ocean_post_title":"","ocean_post_subheading":"","ocean_post_title_style":"","ocean_post_title_background_color":"","ocean_post_title_background":0,"ocean_post_title_bg_image_position":"","ocean_post_title_bg_image_attachment":"","ocean_post_title_bg_image_repeat":"","ocean_post_title_bg_image_size":"","ocean_post_title_height":0,"ocean_post_title_bg_overlay":0.5,"ocean_post_title_bg_overlay_color":"","ocean_disable_breadcrumbs":"default","ocean_breadcrumbs_color":"","ocean_breadcrumbs_separator_color":"","ocean_breadcrumbs_links_color":"","ocean_breadcrumbs_links_hover_color":"","ocean_display_footer_widgets":"default","ocean_display_footer_bottom":"default","ocean_custom_footer_template":"0","omw_enable_modal_window":"enable","ocean_post_oembed":"","ocean_post_self_hosted_media":"","ocean_post_video_embed":"","ocean_link_format":"","ocean_link_format_target":"self","ocean_quote_format":"","ocean_quote_format_link":"post","ocean_gallery_link_images":"on","ocean_gallery_id":[],"footnotes":""},"categories":[9,3],"tags":[],"class_list":["post-8036","post","type-post","status-publish","format-standard","has-post-thumbnail","hentry","category-developpement-durable","category-formation","entry","has-media"],"jetpack_featured_media_url":"https:\/\/www.hdebalzac.fr\/wp-content\/uploads\/2023\/12\/verger-ecole-3.jpg","views":"","publishpress_future_action":{"enabled":false,"date":"2026-05-08 08:11:12","action":"change-status","newStatus":"draft","terms":[],"taxonomy":"category","extraData":[]},"publishpress_future_workflow_manual_trigger":{"enabledWorkflows":[]},"_links":{"self":[{"href":"https:\/\/www.hdebalzac.fr\/index.php\/wp-json\/wp\/v2\/posts\/8036","targetHints":{"allow":["GET"]}}],"collection":[{"href":"https:\/\/www.hdebalzac.fr\/index.php\/wp-json\/wp\/v2\/posts"}],"about":[{"href":"https:\/\/www.hdebalzac.fr\/index.php\/wp-json\/wp\/v2\/types\/post"}],"author":[{"embeddable":true,"href":"https:\/\/www.hdebalzac.fr\/index.php\/wp-json\/wp\/v2\/users\/9"}],"replies":[{"embeddable":true,"href":"https:\/\/www.hdebalzac.fr\/index.php\/wp-json\/wp\/v2\/comments?post=8036"}],"version-history":[{"count":2,"href":"https:\/\/www.hdebalzac.fr\/index.php\/wp-json\/wp\/v2\/posts\/8036\/revisions"}],"predecessor-version":[{"id":8239,"href":"https:\/\/www.hdebalzac.fr\/index.php\/wp-json\/wp\/v2\/posts\/8036\/revisions\/8239"}],"wp:featuredmedia":[{"embeddable":true,"href":"https:\/\/www.hdebalzac.fr\/index.php\/wp-json\/wp\/v2\/media\/8039"}],"wp:attachment":[{"href":"https:\/\/www.hdebalzac.fr\/index.php\/wp-json\/wp\/v2\/media?parent=8036"}],"wp:term":[{"taxonomy":"category","embeddable":true,"href":"https:\/\/www.hdebalzac.fr\/index.php\/wp-json\/wp\/v2\/categories?post=8036"},{"taxonomy":"post_tag","embeddable":true,"href":"https:\/\/www.hdebalzac.fr\/index.php\/wp-json\/wp\/v2\/tags?post=8036"}],"curies":[{"name":"wp","href":"https:\/\/api.w.org\/{rel}","templated":true}]}}