{"id":7342,"date":"2023-04-20T16:02:19","date_gmt":"2023-04-20T14:02:19","guid":{"rendered":"https:\/\/www.hdebalzac.fr\/?p=7342"},"modified":"2023-04-20T16:05:04","modified_gmt":"2023-04-20T14:05:04","slug":"rendez-vous-ecoresponsable-au-lycee-professionnel-agricole-honore-de-balzac","status":"publish","type":"post","link":"https:\/\/www.hdebalzac.fr\/index.php\/2023\/04\/20\/rendez-vous-ecoresponsable-au-lycee-professionnel-agricole-honore-de-balzac\/","title":{"rendered":"Rendez-vous \u00e9coresponsable au Lyc\u00e9e Professionnel Agricole Honor\u00e9 de Balzac"},"content":{"rendered":"\n<p>Dans le cadre de la seconde \u00e9dition du Printemps des transitions port\u00e9e par le Minist\u00e8re de l\u2019Agriculture et de la Souverainet\u00e9 Alimentaire, une quinzaine d\u2019\u00e9l\u00e8ves \u00e9coresponsables (toutes classes confondues) a organis\u00e9 un \u00e9v\u00e9nement d\u2019envergure au sein du LPA Honor\u00e9 de Balzac les 14 et 15 avril dernier. Cette manifestation s\u2019est inscrite dans le Plan Local Enseigner \u00e0 Produire Autrement, <em>finalis\u00e9 en juin 2021<\/em> et a permis de montrer de l\u2019int\u00e9rieur et de fa\u00e7on concr\u00e8te les transitions agro\u00e9cologiques qui s\u2019op\u00e8rent au sein de l\u2019\u00e9tablissement.<\/p>\n\n\n<div class=\"wp-block-image\">\n<figure class=\"aligncenter size-large is-resized\"><img fetchpriority=\"high\" decoding=\"async\" src=\"https:\/\/www.hdebalzac.fr\/wp-content\/uploads\/2023\/04\/Un-RDV-eco-responsable-pdf-724x1024.jpg\" alt=\"\" class=\"wp-image-7353\" width=\"362\" height=\"512\"\/><\/figure>\n<\/div>\n\n\n<p>Les \u00e9l\u00e8ves, apprentis et \u00e9tudiants, ainsi que les personnels de l\u2019\u00e9tablissement ont pu se rencontrer dans le cadre d\u2019un projet commun \u00e0 vocation \u00e9ducative, f\u00e9d\u00e9ratrice et d\u00e9monstrative. L\u2019occasion d\u2019ateliers, de mises en pratique et de conf\u00e9rences autour de la biodiversit\u00e9, de la protection de l\u2019environnement, de la pr\u00e9servation des ressources et en faveur d\u2019une alimentation saine, durable et respectueuse de tous.<\/p>\n\n\n\n<p>Les \u00e9coresponsables et les \u00e9co-encadrants, mobilis\u00e9s sur l\u2019organisation de cette manifestation depuis le mois de septembre 2022, se sont r\u00e9unis plusieurs mercredis apr\u00e8s-midi et en soir\u00e9e lors de sessions de travail collectif et collaboratif. V\u00e9ritables pilotes de leur projet en agro\u00e9cologie, les \u00e9l\u00e8ves ont \u00e9tabli un r\u00e9troplanning pr\u00e9cis des \u00e9tapes clefs de l\u2019\u00e9v\u00e9nement.<\/p>\n\n\n\n<p>Ils ont identifi\u00e9 les partenaires et recens\u00e9 les forces vives sur lesquelles s\u2019appuyer. Pour les accompagner dans leur d\u00e9marche, ils ont pu compter sur l\u2019important soutien de leur enseignant en Sciences et Techniques Horticoles, M. Neveux, r\u00e9f\u00e9rent EPA 2 depuis la rentr\u00e9e 2022.<\/p>\n\n\n\n<p>Le vendredi 14 avril \u00e9tait ouvert \u00e0 l\u2019ensemble de la communaut\u00e9 \u00e9ducative ainsi qu\u2019aux classes des \u00e9tablissements primaires et secondaires du territoire. Le samedi 15 avril 2023 a permis, cette fois-ci, au grand public de d\u00e9couvrir l\u2019\u00e9tablissement, les produits de l\u2019exploitation horticole, les projets port\u00e9s par les \u00e9quipes et de participer aux ateliers et animations. Un march\u00e9 de producteurs a \u00e9galement \u00e9t\u00e9 organis\u00e9 par une classe de premi\u00e8re bac professionnel TCVUJ avec l\u2019appui de leur enseignante Mme Anton. Une restauration sur place a \u00e9t\u00e9 propos\u00e9e lors de ces deux journ\u00e9es avec des produits 100 % bio et locaux.<\/p>\n\n\n<div class=\"wp-block-image\">\n<figure class=\"alignright size-large is-resized\"><img decoding=\"async\" src=\"https:\/\/www.hdebalzac.fr\/wp-content\/uploads\/2023\/04\/IMG-20230419-WA0009-759x1024.jpg\" alt=\"\" class=\"wp-image-7345\" width=\"380\" height=\"512\" srcset=\"https:\/\/www.hdebalzac.fr\/wp-content\/uploads\/2023\/04\/IMG-20230419-WA0009-759x1024.jpg 759w, https:\/\/www.hdebalzac.fr\/wp-content\/uploads\/2023\/04\/IMG-20230419-WA0009-222x300.jpg 222w, https:\/\/www.hdebalzac.fr\/wp-content\/uploads\/2023\/04\/IMG-20230419-WA0009-768x1036.jpg 768w, https:\/\/www.hdebalzac.fr\/wp-content\/uploads\/2023\/04\/IMG-20230419-WA0009-1139x1536.jpg 1139w, https:\/\/www.hdebalzac.fr\/wp-content\/uploads\/2023\/04\/IMG-20230419-WA0009.jpg 1186w\" sizes=\"(max-width: 380px) 100vw, 380px\" \/><\/figure>\n<\/div>\n\n\n<figure class=\"wp-block-image size-large is-resized\"><img decoding=\"async\" src=\"https:\/\/www.hdebalzac.fr\/wp-content\/uploads\/2023\/04\/IMG-20230419-WA0032-768x1024.jpg\" alt=\"\" class=\"wp-image-7352\" width=\"384\" height=\"512\" srcset=\"https:\/\/www.hdebalzac.fr\/wp-content\/uploads\/2023\/04\/IMG-20230419-WA0032-768x1024.jpg 768w, https:\/\/www.hdebalzac.fr\/wp-content\/uploads\/2023\/04\/IMG-20230419-WA0032-225x300.jpg 225w, https:\/\/www.hdebalzac.fr\/wp-content\/uploads\/2023\/04\/IMG-20230419-WA0032-1152x1536.jpg 1152w, https:\/\/www.hdebalzac.fr\/wp-content\/uploads\/2023\/04\/IMG-20230419-WA0032.jpg 1200w\" sizes=\"(max-width: 384px) 100vw, 384px\" \/><\/figure>\n\n\n\n<p><strong>1 &#8211; Conf\u00e9rences<\/strong><\/p>\n\n\n\n<p><strong>&#8211; \u00ab&nbsp;L\u2019intelligence des plantes&nbsp;\u00bb<\/strong> &#8211; Francis Hall\u00e9, Professeur botaniste et biologiste &amp; Jean-Paul Salasse, directeur de l\u2019association environnementale Les Ecologistes de l&rsquo;Euziere, accompagn\u00e9s de Isabelle L\u00e9oncini et Mariane Rinaldi. Depuis une quinzaine d\u2019ann\u00e9es, l\u2019\u00e9tude de la vie des plantes r\u00e9v\u00e8le des comportements inattendus et int\u00e9ressants : sensibilit\u00e9, m\u00e9moire, communication, choix, anticipations, am\u00e9lioration de l\u2019environnement pour la survie, etc. Les v\u00e9g\u00e9taux poss\u00e8dent bel et bien une forme d\u2019intelligence.<\/p>\n\n\n<div class=\"wp-block-image\">\n<figure class=\"alignright size-large is-resized\"><img loading=\"lazy\" decoding=\"async\" src=\"https:\/\/www.hdebalzac.fr\/wp-content\/uploads\/2023\/04\/IMG-20230420-WA0001-1-768x1024.jpg\" alt=\"\" class=\"wp-image-7349\" width=\"384\" height=\"512\" srcset=\"https:\/\/www.hdebalzac.fr\/wp-content\/uploads\/2023\/04\/IMG-20230420-WA0001-1-768x1024.jpg 768w, https:\/\/www.hdebalzac.fr\/wp-content\/uploads\/2023\/04\/IMG-20230420-WA0001-1-225x300.jpg 225w, https:\/\/www.hdebalzac.fr\/wp-content\/uploads\/2023\/04\/IMG-20230420-WA0001-1-1152x1536.jpg 1152w, https:\/\/www.hdebalzac.fr\/wp-content\/uploads\/2023\/04\/IMG-20230420-WA0001-1.jpg 1200w\" sizes=\"(max-width: 384px) 100vw, 384px\" \/><\/figure>\n<\/div>\n\n\n<figure class=\"wp-block-image size-large is-resized\"><img loading=\"lazy\" decoding=\"async\" src=\"https:\/\/www.hdebalzac.fr\/wp-content\/uploads\/2023\/04\/IMG-20230420-WA0006-1-768x1024.jpg\" alt=\"\" class=\"wp-image-7351\" width=\"192\" height=\"256\" srcset=\"https:\/\/www.hdebalzac.fr\/wp-content\/uploads\/2023\/04\/IMG-20230420-WA0006-1-768x1024.jpg 768w, https:\/\/www.hdebalzac.fr\/wp-content\/uploads\/2023\/04\/IMG-20230420-WA0006-1-225x300.jpg 225w, https:\/\/www.hdebalzac.fr\/wp-content\/uploads\/2023\/04\/IMG-20230420-WA0006-1-1152x1536.jpg 1152w, https:\/\/www.hdebalzac.fr\/wp-content\/uploads\/2023\/04\/IMG-20230420-WA0006-1.jpg 1200w\" sizes=\"(max-width: 192px) 100vw, 192px\" \/><\/figure>\n\n\n\n<figure class=\"wp-block-image size-large is-resized\"><img loading=\"lazy\" decoding=\"async\" src=\"https:\/\/www.hdebalzac.fr\/wp-content\/uploads\/2023\/04\/IMG-20230420-WA0003-768x1024.jpg\" alt=\"\" class=\"wp-image-7350\" width=\"384\" height=\"512\" srcset=\"https:\/\/www.hdebalzac.fr\/wp-content\/uploads\/2023\/04\/IMG-20230420-WA0003-768x1024.jpg 768w, https:\/\/www.hdebalzac.fr\/wp-content\/uploads\/2023\/04\/IMG-20230420-WA0003-225x300.jpg 225w, https:\/\/www.hdebalzac.fr\/wp-content\/uploads\/2023\/04\/IMG-20230420-WA0003-1152x1536.jpg 1152w, https:\/\/www.hdebalzac.fr\/wp-content\/uploads\/2023\/04\/IMG-20230420-WA0003.jpg 1200w\" sizes=\"(max-width: 384px) 100vw, 384px\" \/><\/figure>\n\n\n\n<p>&#8211; <strong>\u00ab&nbsp;<\/strong><strong>Si le substrat nous \u00e9tait cont\u00e9&#8230;&nbsp;\u00bb <\/strong><strong>&amp; <\/strong><strong>\u00ab <\/strong><strong>La d\u00e9couverte des <\/strong><strong>p<\/strong><strong>sychoplantes&nbsp;\u00bb,<\/strong> d\u00e9couverte de plantes atypiques et anciennes &#8211; K\u00e9vin Bouchit\u00e9, dipl\u00f4m\u00e9 d&rsquo;un master \u00ab&nbsp;G\u00e9o-arch\u00e9ologie et Bio-arch\u00e9ologie&nbsp;\u00bb de l\u2019Universit\u00e9 de Montpellier<\/p>\n\n\n\n<p><strong>&#8211; \u00ab&nbsp;<\/strong><strong>R<\/strong><strong>evenir \u00e0 l\u2019essentiel, d\u00e9marrer sa transition \u00e9cologique&nbsp;\u00bb <\/strong><strong>&amp; \u00ab autour du design graphique botanique&nbsp;\u00bb <\/strong><strong>&#8211; <\/strong>Val\u00e9rie Arragon Aller sens ciel<\/p>\n\n\n\n<p><strong>2- <\/strong><strong>Ateliers et animations&nbsp;:<\/strong><\/p>\n\n\n\n<p>&#8211;<strong> \u00ab&nbsp;<\/strong><strong>Autour de la mare : biodiversit\u00e9, milieux aquatiques&nbsp;\u00bb <\/strong>\u2013 Sandrine Rivat et les \u00e9l\u00e8ves de terminale STAV<\/p>\n\n\n\n<p><strong>&#8211; Observation d\u2019insectes ravageurs et auxiliaires des cultures &#8211; <\/strong>Kassandra Santiago, Kenzo Mazzella, \u00e9l\u00e8ves en bac pro CPH<\/p>\n\n\n\n<p>&#8211; <strong>D\u00e9monstration de cr\u00e9ations de fleurs s\u00e9ch\u00e9es, bouquets, couronnes et herbiers \u2013 <\/strong>Julie Colomby, En joie<\/p>\n\n\n\n<p>&#8211; <strong>P<\/strong><strong>einture \u00e0 l&rsquo;aquarelle&nbsp;: Faune et flore<\/strong> \u2013 L\u00e9na K\u00e9ohavong, artiste naturaliste<\/p>\n\n\n\n<p>&#8211; <strong>Application num\u00e9rique interactive sur l\u2019alimentation responsable \u2013<\/strong> Kristell Trochu, Terre Nourrici\u00e8re<\/p>\n\n\n\n<p><strong>&#8211; Fresque du climat &#8211; <\/strong>St\u00e9phanie Cailhol et l\u2019association Greenpeace<\/p>\n\n\n\n<p>&#8211; <strong>Compostage au jardin&nbsp;: Objectif z\u00e9ro d\u00e9chet<\/strong> &#8211; May Kobbi, Le Jardin en May<\/p>\n\n\n\n<p><strong>&#8211; Fabrication d\u2019h\u00f4tels \u00e0 insectes &#8211; <\/strong>Nelly Assalit, Le jardin partag\u00e9 du Devois et Philippe Labatut<\/p>\n\n\n\n<p><strong>&#8211; <\/strong><strong>Fa<\/strong><strong>brication de kokedama &#8211; \u201cDu graphisme dans vos int\u00e9rieurs\u201d &#8211;<\/strong> Nikki Frespech Elodie Deloupy, \u00e9l\u00e8ves en bac pro CPH<\/p>\n\n\n\n<p>&#8211; <strong>Soins des plantes par les plantes &#8211; <\/strong>Caroline Garrigues, R\u00e9seau des semeurs de jardin<\/p>\n\n\n\n<p>&#8211; <strong>Les plantes r\u00e9sistantes \u00e0 la s\u00e9cheresse&nbsp;: Techniques de plantation pour une reprise assur\u00e9e \u2013 <\/strong>David Tessier<\/p>\n\n\n\n<p><strong>&#8211; Amusez-vous !<\/strong> Jeux en bois fabriqu\u00e9s par les \u00e9l\u00e8ves de 3\u00e8mes EADP en mat\u00e9riax recycl\u00e9s, No\u00e9mie Anton, Philippe Labatut<\/p>\n\n\n\n<p><strong>&#8211; Cr\u00e9ation d\u2019abris \u00e0 forficules \u2013<\/strong> Isabelle L\u00e9oncini et Stella Martinez, Quentin Pailhas, \u00e9l\u00e8ves en bac pro CPH<\/p>\n\n\n\n<p><strong>&#8211; R\u00e9alisation de jardini\u00e8res de plantes aromatiques \u2013 <\/strong>Sabine Jarry et les \u00e9l\u00e8ves en bac pro TCVUJ<\/p>\n\n\n\n<p><strong>&#8211; Produis ton smoothie<\/strong> \u2013 Armelle Mauger et Smoothiefunky<\/p>\n\n\n\n<p><strong>3- Pr\u00e9sentations et diffusions&nbsp;:<\/strong><\/p>\n\n\n\n<p>&#8211; <strong>Exposition comment\u00e9e <\/strong><strong>sur<\/strong><strong>l<\/strong><strong>e <\/strong><strong>c<\/strong><strong>acao <\/strong><strong>et l\u2019ananas <\/strong><strong>&#8211; <\/strong>Lafibala, Savannah Polge et Lana Goudard, \u00e9l\u00e8ves en bac pro CPH<\/p>\n\n\n\n<p><strong>&#8211; <\/strong><strong>Pr\u00e9sentation des c<\/strong><strong>hefs d\u2019oeuvre des apprenti(e)s fleuriste<\/strong><strong>s<\/strong> \u2013 Flore Bossard<\/p>\n\n\n\n<p><strong>&#8211; Exposition d\u2019oeuvres d\u2019art durables \u2013 <\/strong>Pauline Foulquier et Ylona Aguerra, \u00e9l\u00e8ves en STAV et LCQ<\/p>\n\n\n\n<p><strong>&#8211; Exposition sur les \u00eatres vivants de la for\u00eat m\u00e9diterran\u00e9enne &#8211; <\/strong>Isabelle L\u00e9oncini et les terminales CPH<\/p>\n\n\n\n<p><strong>&#8211; Projection du film Tandem solidaire&nbsp;: les migrations dans l\u2019agriculture \u2013 <\/strong>Ing\u00e9nieurs sans fronti\u00e8res, Supagro Montpellier<\/p>\n\n\n\n<p>Cet \u00e9v\u00e9nement a \u00e9t\u00e9 de l\u2019avis de tous une grande r\u00e9ussite, reposant sur des valeurs de partage, de rassemblement, d\u2019ouverture et bien s\u00fbr de convivialit\u00e9. Les intervenants et visiteurs ont soulign\u00e9 la qualit\u00e9 de l\u2019organisation et des animations pr\u00e9sent\u00e9es.<\/p>\n\n\n\n<figure class=\"wp-block-image size-large\"><img loading=\"lazy\" decoding=\"async\" width=\"1024\" height=\"682\" src=\"https:\/\/www.hdebalzac.fr\/wp-content\/uploads\/2023\/04\/IMG-20230419-WA0010-1024x682.jpg\" alt=\"\" class=\"wp-image-7346\" srcset=\"https:\/\/www.hdebalzac.fr\/wp-content\/uploads\/2023\/04\/IMG-20230419-WA0010-1024x682.jpg 1024w, https:\/\/www.hdebalzac.fr\/wp-content\/uploads\/2023\/04\/IMG-20230419-WA0010-300x200.jpg 300w, https:\/\/www.hdebalzac.fr\/wp-content\/uploads\/2023\/04\/IMG-20230419-WA0010-768x512.jpg 768w, https:\/\/www.hdebalzac.fr\/wp-content\/uploads\/2023\/04\/IMG-20230419-WA0010-1536x1023.jpg 1536w, https:\/\/www.hdebalzac.fr\/wp-content\/uploads\/2023\/04\/IMG-20230419-WA0010.jpg 1600w\" sizes=\"(max-width: 1024px) 100vw, 1024px\" \/><\/figure>\n\n\n\n<p>Mettre les apprenants au c\u0153ur de la d\u00e9marche en favorisant le d\u00e9veloppement d\u2019une aptitude au changement, les rendre acteurs de cette transition, leur donner davantage de responsabilit\u00e9s dans l\u2019\u00e9laboration et la mise en \u0153uvre d\u2019actions et de projets, en impulsant une dynamique de pairs \u00e0 pairs dans le cadre d\u2019un groupe d\u2019\u00e9coresponsables et valoriser leur engagement constituait le 2\u00e8me axe du PLEPA de l\u2019\u00e9tablissement.<\/p>\n\n\n\n<figure class=\"wp-block-image size-large is-resized\"><img loading=\"lazy\" decoding=\"async\" src=\"https:\/\/www.hdebalzac.fr\/wp-content\/uploads\/2023\/04\/IMG-20230419-WA0027-1024x682.jpg\" alt=\"\" class=\"wp-image-7348\" width=\"512\" height=\"341\" srcset=\"https:\/\/www.hdebalzac.fr\/wp-content\/uploads\/2023\/04\/IMG-20230419-WA0027-1024x682.jpg 1024w, https:\/\/www.hdebalzac.fr\/wp-content\/uploads\/2023\/04\/IMG-20230419-WA0027-300x200.jpg 300w, https:\/\/www.hdebalzac.fr\/wp-content\/uploads\/2023\/04\/IMG-20230419-WA0027-768x512.jpg 768w, https:\/\/www.hdebalzac.fr\/wp-content\/uploads\/2023\/04\/IMG-20230419-WA0027-1536x1023.jpg 1536w, https:\/\/www.hdebalzac.fr\/wp-content\/uploads\/2023\/04\/IMG-20230419-WA0027.jpg 1600w\" sizes=\"(max-width: 512px) 100vw, 512px\" \/><\/figure>\n\n\n\n<p>Ce projet a \u00e9t\u00e9 pleinement soutenu par la direction du lyc\u00e9e, par les Serres de la Frondaie, exploitation de l\u2019\u00e9tablissement, ainsi que par les professeurs qui ont ainsi t\u00e9moign\u00e9 des d\u00e9marches p\u00e9dagogiques d\u00e9velopp\u00e9es au quotidien avec leurs \u00e9l\u00e8ves. Les ecoresponsables ont redoubl\u00e9 d\u2019efforts pour convaincre l\u2019ensemble des exposants, intervenants, artistes, producteurs locaux et conf\u00e9renciers, de participer et de proposer des animations sur ces deux journ\u00e9es. Ils pourront d\u2019ailleurs valoriser cet engagement durable dans le cadre de l\u2019unit\u00e9 facultative \u00abEngagement citoyen\u00bb. Certains ont pu allier d\u00e9marche responsable et coop\u00e9ration internationale en r\u00e9alisant une p\u00e9riode de formation professionnelle \u00e0 Tenerife. Pour cela, ils ont pu b\u00e9n\u00e9ficier de l\u2019appui de M. Misericordia, r\u00e9f\u00e9rent coop\u00e9ration internationale dans l\u2019\u00e9tablissement.<\/p>\n\n\n<div class=\"wp-block-image\">\n<figure class=\"aligncenter size-large is-resized\"><img loading=\"lazy\" decoding=\"async\" src=\"https:\/\/www.hdebalzac.fr\/wp-content\/uploads\/2023\/04\/IMG-20230419-WA0021-682x1024.jpg\" alt=\"\" class=\"wp-image-7347\" width=\"341\" height=\"512\" srcset=\"https:\/\/www.hdebalzac.fr\/wp-content\/uploads\/2023\/04\/IMG-20230419-WA0021-682x1024.jpg 682w, https:\/\/www.hdebalzac.fr\/wp-content\/uploads\/2023\/04\/IMG-20230419-WA0021-200x300.jpg 200w, https:\/\/www.hdebalzac.fr\/wp-content\/uploads\/2023\/04\/IMG-20230419-WA0021-768x1152.jpg 768w, https:\/\/www.hdebalzac.fr\/wp-content\/uploads\/2023\/04\/IMG-20230419-WA0021.jpg 853w\" sizes=\"(max-width: 341px) 100vw, 341px\" \/><\/figure>\n<\/div>","protected":false},"excerpt":{"rendered":"<p>Dans le cadre de la seconde \u00e9dition du Printemps des transitions port\u00e9e par le Minist\u00e8re de l\u2019Agriculture et de la Souverainet\u00e9 Alimentaire, une quinzaine d\u2019\u00e9l\u00e8ves \u00e9coresponsables (toutes classes confondues) a [&hellip;]<\/p>\n","protected":false},"author":1,"featured_media":7343,"comment_status":"closed","ping_status":"open","sticky":false,"template":"","format":"standard","meta":{"ocean_post_layout":"","ocean_both_sidebars_style":"","ocean_both_sidebars_content_width":0,"ocean_both_sidebars_sidebars_width":0,"ocean_sidebar":"0","ocean_second_sidebar":"0","ocean_disable_margins":"enable","ocean_add_body_class":"","ocean_shortcode_before_top_bar":"","ocean_shortcode_after_top_bar":"","ocean_shortcode_before_header":"","ocean_shortcode_after_header":"","ocean_has_shortcode":"","ocean_shortcode_after_title":"","ocean_shortcode_before_footer_widgets":"","ocean_shortcode_after_footer_widgets":"","ocean_shortcode_before_footer_bottom":"","ocean_shortcode_after_footer_bottom":"","ocean_display_top_bar":"default","ocean_display_header":"default","ocean_header_style":"","ocean_center_header_left_menu":"0","ocean_custom_header_template":"0","ocean_custom_logo":0,"ocean_custom_retina_logo":0,"ocean_custom_logo_max_width":0,"ocean_custom_logo_tablet_max_width":0,"ocean_custom_logo_mobile_max_width":0,"ocean_custom_logo_max_height":0,"ocean_custom_logo_tablet_max_height":0,"ocean_custom_logo_mobile_max_height":0,"ocean_header_custom_menu":"0","ocean_menu_typo_font_family":"0","ocean_menu_typo_font_subset":"","ocean_menu_typo_font_size":0,"ocean_menu_typo_font_size_tablet":0,"ocean_menu_typo_font_size_mobile":0,"ocean_menu_typo_font_size_unit":"px","ocean_menu_typo_font_weight":"","ocean_menu_typo_font_weight_tablet":"","ocean_menu_typo_font_weight_mobile":"","ocean_menu_typo_transform":"","ocean_menu_typo_transform_tablet":"","ocean_menu_typo_transform_mobile":"","ocean_menu_typo_line_height":0,"ocean_menu_typo_line_height_tablet":0,"ocean_menu_typo_line_height_mobile":0,"ocean_menu_typo_line_height_unit":"","ocean_menu_typo_spacing":0,"ocean_menu_typo_spacing_tablet":0,"ocean_menu_typo_spacing_mobile":0,"ocean_menu_typo_spacing_unit":"","ocean_menu_link_color":"","ocean_menu_link_color_hover":"","ocean_menu_link_color_active":"","ocean_menu_link_background":"","ocean_menu_link_hover_background":"","ocean_menu_link_active_background":"","ocean_menu_social_links_bg":"","ocean_menu_social_hover_links_bg":"","ocean_menu_social_links_color":"","ocean_menu_social_hover_links_color":"","ocean_disable_title":"default","ocean_disable_heading":"default","ocean_post_title":"","ocean_post_subheading":"","ocean_post_title_style":"","ocean_post_title_background_color":"","ocean_post_title_background":0,"ocean_post_title_bg_image_position":"","ocean_post_title_bg_image_attachment":"","ocean_post_title_bg_image_repeat":"","ocean_post_title_bg_image_size":"","ocean_post_title_height":0,"ocean_post_title_bg_overlay":0.5,"ocean_post_title_bg_overlay_color":"","ocean_disable_breadcrumbs":"default","ocean_breadcrumbs_color":"","ocean_breadcrumbs_separator_color":"","ocean_breadcrumbs_links_color":"","ocean_breadcrumbs_links_hover_color":"","ocean_display_footer_widgets":"default","ocean_display_footer_bottom":"default","ocean_custom_footer_template":"0","omw_enable_modal_window":"enable","ocean_post_oembed":"","ocean_post_self_hosted_media":"","ocean_post_video_embed":"","ocean_link_format":"","ocean_link_format_target":"self","ocean_quote_format":"","ocean_quote_format_link":"post","ocean_gallery_link_images":"off","ocean_gallery_id":[],"footnotes":""},"categories":[9,3],"tags":[],"class_list":["post-7342","post","type-post","status-publish","format-standard","has-post-thumbnail","hentry","category-developpement-durable","category-formation","entry","has-media"],"jetpack_featured_media_url":"https:\/\/www.hdebalzac.fr\/wp-content\/uploads\/2023\/04\/IMG-20230419-WA0025.jpg","views":"","publishpress_future_action":{"enabled":false,"date":"2026-05-08 23:37:32","action":"change-status","newStatus":"draft","terms":[],"taxonomy":"category","extraData":[]},"publishpress_future_workflow_manual_trigger":{"enabledWorkflows":[]},"_links":{"self":[{"href":"https:\/\/www.hdebalzac.fr\/index.php\/wp-json\/wp\/v2\/posts\/7342","targetHints":{"allow":["GET"]}}],"collection":[{"href":"https:\/\/www.hdebalzac.fr\/index.php\/wp-json\/wp\/v2\/posts"}],"about":[{"href":"https:\/\/www.hdebalzac.fr\/index.php\/wp-json\/wp\/v2\/types\/post"}],"author":[{"embeddable":true,"href":"https:\/\/www.hdebalzac.fr\/index.php\/wp-json\/wp\/v2\/users\/1"}],"replies":[{"embeddable":true,"href":"https:\/\/www.hdebalzac.fr\/index.php\/wp-json\/wp\/v2\/comments?post=7342"}],"version-history":[{"count":3,"href":"https:\/\/www.hdebalzac.fr\/index.php\/wp-json\/wp\/v2\/posts\/7342\/revisions"}],"predecessor-version":[{"id":7356,"href":"https:\/\/www.hdebalzac.fr\/index.php\/wp-json\/wp\/v2\/posts\/7342\/revisions\/7356"}],"wp:featuredmedia":[{"embeddable":true,"href":"https:\/\/www.hdebalzac.fr\/index.php\/wp-json\/wp\/v2\/media\/7343"}],"wp:attachment":[{"href":"https:\/\/www.hdebalzac.fr\/index.php\/wp-json\/wp\/v2\/media?parent=7342"}],"wp:term":[{"taxonomy":"category","embeddable":true,"href":"https:\/\/www.hdebalzac.fr\/index.php\/wp-json\/wp\/v2\/categories?post=7342"},{"taxonomy":"post_tag","embeddable":true,"href":"https:\/\/www.hdebalzac.fr\/index.php\/wp-json\/wp\/v2\/tags?post=7342"}],"curies":[{"name":"wp","href":"https:\/\/api.w.org\/{rel}","templated":true}]}}