{"id":6821,"date":"2022-11-18T11:55:43","date_gmt":"2022-11-18T10:55:43","guid":{"rendered":"https:\/\/www.hdebalzac.fr\/?p=6821"},"modified":"2022-11-18T11:55:44","modified_gmt":"2022-11-18T10:55:44","slug":"festival-what-a-trip","status":"publish","type":"post","link":"https:\/\/www.hdebalzac.fr\/index.php\/2022\/11\/18\/festival-what-a-trip\/","title":{"rendered":"Festival What a Trip!"},"content":{"rendered":"\n<p>Les 19 et 23 septembre, les \u00e9l\u00e8ves allophones \u2013 des jeunes qui arrivent de l\u00b4\u00e9tranger et dont la langue maternelle n\u00b4est pas le fran\u00e7ais &#8211; de la classe UPE2A ont fait deux sorties sur le th\u00e8me des voyages et de l\u00b4aventure dans le cadre du <a href=\"https:\/\/watmontpellier.fr\/\" data-type=\"URL\" data-id=\"https:\/\/watmontpellier.fr\/\">Festival <em>What a Trip<\/em><\/a><em>, <\/em>\u00e0 Montpellier.<br><br>La premi\u00e8re sortie a eu lieu au Centre Pierres \u2013 Vives.\u00a0 Les jeunes y ont vu le film \u00ab\u00a0<em>La Travers\u00e9e\u00a0: de l\u00b4Alaska \u00e0 la Patagonie\u00a0<\/em>\u00bb, \u00a0une exp\u00e9dition \u00e0 v\u00e9lo qui a dur\u00e9 deux ans et demi!  Les \u00e9l\u00e8ves des diff\u00e9rentes classes pr\u00e9sentes ont pu poser des questions \u00e0 l\u00b4un des aventuriers \/ r\u00e9alisateurs, J\u00e9r\u00e9my Vaugeois. Ce dernier a d\u00b4ailleurs gliss\u00e9 une phrase importante\u00a0:<\/p>\n\n\n\n<p class=\"has-medium-font-size\">                 <em><strong>\u00ab&nbsp;Rien ne peut nous emp\u00eacher d\u00b4aller jusqu\u00b4au bout de nos r\u00eaves&nbsp;\u00bb<\/strong><\/em><\/p>\n\n\n\n<p>\u041d\u0456\u0449\u043e \u043d\u0435 \u043c\u043e\u0436\u0435 \u0437\u0430\u0432\u0430\u0434\u0438\u0442\u0438 \u043d\u0430\u043c \u0439\u0442\u0438 \u0434\u043e \u043a\u0456\u043d\u0446\u044f \u043d\u0430\u0448\u043e\u0457 \u043c\u0440\u0456\u0457&nbsp;<\/p>\n\n\n\n<p>                                         \u0644\u0627 \u0634\u064a\u0621 \u064a\u0645\u0643\u0646 \u0623\u0646 \u064a\u0645\u0646\u0639\u0646\u0627 \u0645\u0646 \u0627\u0644\u0630\u0647\u0627\u0628 \u0625\u0644\u0649 \u0646\u0647\u0627\u064a\u0629 \u0623\u062d\u0644\u0627\u0645\u0646\u0627<\/p>\n\n\n\n<p>Niente pu\u00f2 impedirci di andare fino alla fine dei nostri sogni<\/p>\n\n\n\n<p>                   .\u05e9\u05d5\u05dd \u05d3\u05d1\u05e8 \u05dc\u05d0 \u05d9\u05db\u05d5\u05dc \u05dc\u05e2\u05e6\u05d5\u05e8 \u05d0\u05d5\u05ea\u05e0\u05d5 \u05de\u05dc\u05d4\u05d2\u05e9\u05d9\u05dd \u05d0\u05ea \u05d4\u05d7\u05dc\u05d5\u05dd \u05e9\u05dc\u05e0\u05d5<\/p>\n\n\n\n<p>                       .\u05e9\u05d5\u05dd \u05d3\u05d1\u05e8 \u05dc\u05d0 \u05e2\u05d5\u05de\u05d3 \u05d1\u05e4\u05e0\u05d9\u05e0\u05d5 \u05d1\u05d3\u05e8\u05da \u05dc\u05d4\u05d2\u05e9\u05de\u05ea \u05d4\u05d7\u05dc\u05d5\u05de\u05d5\u05ea \u05e9\u05dc\u05e0\u05d5.<\/p>\n\n\n\n<p><em>Nada pode nos impedir de ir at\u00e9 o fim dos nossos sonhos<\/em><\/p>\n\n\n\n<p>                                           \u0647\u06cc\u0685 \u0634\u06cc \u0632\u0645\u0648\u0696 \u062f \u062e\u0648\u0628\u0648\u0646\u0648 \u067e\u0627\u06cc \u062a\u0647 \u0631\u0633\u06cc\u062f\u0648 \u0645\u062e\u0647 \u0646\u0634\u064a \u0646\u06cc\u0648\u0644\u06cc<\/p>\n\n\n\n<p><em>Nada puede impedir que vayamos hasta el final de nuestros sue\u00f1os<\/em><\/p>\n\n\n\n<p><em>\u10d5\u10d4\u10e0\u10d0\u10e4\u10d4\u10e0\u10d8<\/em><em> <\/em><em>\u10e8\u10d4\u10d2\u10d5\u10d8\u10e8\u10da\u10d8\u10e1<\/em><em> <\/em><em>\u10ee\u10d4\u10da\u10e1<\/em><em> <\/em><em>\u10dd\u10ea\u10dc\u10d4\u10d1\u10d4\u10d1\u10d8\u10e1<\/em><em> <\/em><em>\u10d1\u10dd\u10da\u10dd\u10db\u10d3\u10d4<\/em><em> <\/em><em>\u10ec\u10d0\u10e1\u10d5\u10da\u10d0\u10e8\u10d8<\/em><em><\/em><\/p>\n\n\n\n<p><em>A vous maintenant de savoir de quelle langue il s\u00b4agit<\/em>  \ud83d\ude42<\/p>\n\n\n\n<figure class=\"wp-block-gallery has-nested-images columns-default is-cropped wp-block-gallery-1 is-layout-flex wp-block-gallery-is-layout-flex\">\n<figure class=\"wp-block-image size-full\"><img fetchpriority=\"high\" decoding=\"async\" width=\"380\" height=\"512\" data-id=\"6846\" src=\"https:\/\/www.hdebalzac.fr\/wp-content\/uploads\/2022\/11\/Capture-decran-2022-11-17-a-17.57.46.png\" alt=\"\" class=\"wp-image-6846\" srcset=\"https:\/\/www.hdebalzac.fr\/wp-content\/uploads\/2022\/11\/Capture-decran-2022-11-17-a-17.57.46.png 380w, https:\/\/www.hdebalzac.fr\/wp-content\/uploads\/2022\/11\/Capture-decran-2022-11-17-a-17.57.46-223x300.png 223w\" sizes=\"(max-width: 380px) 100vw, 380px\" \/><\/figure>\n\n\n\n<figure class=\"wp-block-image size-large\"><img decoding=\"async\" width=\"640\" height=\"480\" data-id=\"6830\" src=\"https:\/\/www.hdebalzac.fr\/wp-content\/uploads\/2022\/11\/0-1-3.jpg\" alt=\"\" class=\"wp-image-6830\" srcset=\"https:\/\/www.hdebalzac.fr\/wp-content\/uploads\/2022\/11\/0-1-3.jpg 640w, https:\/\/www.hdebalzac.fr\/wp-content\/uploads\/2022\/11\/0-1-3-300x225.jpg 300w\" sizes=\"(max-width: 640px) 100vw, 640px\" \/><\/figure>\n<\/figure>\n\n\n\n<p>La deuxi\u00e8me sortie s\u00b4est faite sous le soleil au \u00ab\u00a0Village Monde\u00a0\u00bb du Festival <em>What a Trip,<\/em> place du Peyrou \u00e0 Montpellier. Les\u00a0jeunes \u00e9taient attendus par J\u00e9r\u00e9my autour de l\u00b4exposition \u2013 photos <em>\u00ab\u00a0Alaska \u2013 Patagonie\u00a0\u00bb.<\/em> Ils ont pu \u00e9chang\u00e9, en petit comit\u00e9, pas peu fiers d\u00b4\u00eatre en pr\u00e9sence d\u00b4un aventurier\u00a0!<\/p>\n\n\n\n<p>La prochaine destination de Sophie et J\u00e9r\u00e9my est encore secr\u00e8te\u00a0! Suspens, suspens\u2026\u00a0<br>Ce que l\u00b4on sait c\u00b4est qu\u00b4elle se fera de nouveau \u00e0 v\u00e9lo, en plein hiver, sous la neige!\u00a0Et bien entendu, ils continueront \u00e0 dormir sous la tente! <br>Nous les suivrons sur <a href=\"https:\/\/www.alaska-patagonie.com\/\" data-type=\"URL\" data-id=\"https:\/\/www.alaska-patagonie.com\/\">leur site internet<\/a> et, pour celles et ceux qui veulent, sur Instagram.<\/p>\n\n\n\n<div class=\"wp-block-group\"><div class=\"wp-block-group__inner-container is-layout-constrained wp-block-group-is-layout-constrained\">\n<figure class=\"wp-block-gallery has-nested-images columns-default is-cropped wp-block-gallery-2 is-layout-flex wp-block-gallery-is-layout-flex\">\n<figure class=\"wp-block-image size-large\"><img decoding=\"async\" width=\"640\" height=\"480\" data-id=\"6835\" src=\"https:\/\/www.hdebalzac.fr\/wp-content\/uploads\/2022\/11\/0-8.jpg\" alt=\"\" class=\"wp-image-6835\" srcset=\"https:\/\/www.hdebalzac.fr\/wp-content\/uploads\/2022\/11\/0-8.jpg 640w, https:\/\/www.hdebalzac.fr\/wp-content\/uploads\/2022\/11\/0-8-300x225.jpg 300w\" sizes=\"(max-width: 640px) 100vw, 640px\" \/><\/figure>\n\n\n\n<figure class=\"wp-block-image size-large\"><img loading=\"lazy\" decoding=\"async\" width=\"640\" height=\"480\" data-id=\"6834\" src=\"https:\/\/www.hdebalzac.fr\/wp-content\/uploads\/2022\/11\/0-7-1.jpg\" alt=\"\" class=\"wp-image-6834\" srcset=\"https:\/\/www.hdebalzac.fr\/wp-content\/uploads\/2022\/11\/0-7-1.jpg 640w, https:\/\/www.hdebalzac.fr\/wp-content\/uploads\/2022\/11\/0-7-1-300x225.jpg 300w\" sizes=\"(max-width: 640px) 100vw, 640px\" \/><\/figure>\n<\/figure>\n<\/div><\/div>\n\n\n\n<p>Les jeunes ont \u00e9galement fait le tour des expositions du \u00ab\u00a0Village\u00a0Monde\u00bb. \u00a0Ils sont partis du c\u00f4t\u00e9 de la Camargue et du S\u00e9n\u00e9gal.<\/p>\n\n\n\n<figure class=\"wp-block-gallery has-nested-images columns-default is-cropped wp-block-gallery-3 is-layout-flex wp-block-gallery-is-layout-flex\">\n<figure class=\"wp-block-image size-large\"><img loading=\"lazy\" decoding=\"async\" width=\"640\" height=\"480\" data-id=\"6836\" src=\"https:\/\/www.hdebalzac.fr\/wp-content\/uploads\/2022\/11\/0-4-1.jpg\" alt=\"\" class=\"wp-image-6836\" srcset=\"https:\/\/www.hdebalzac.fr\/wp-content\/uploads\/2022\/11\/0-4-1.jpg 640w, https:\/\/www.hdebalzac.fr\/wp-content\/uploads\/2022\/11\/0-4-1-300x225.jpg 300w\" sizes=\"(max-width: 640px) 100vw, 640px\" \/><\/figure>\n\n\n\n<figure class=\"wp-block-image size-large\"><img loading=\"lazy\" decoding=\"async\" width=\"640\" height=\"480\" data-id=\"6837\" src=\"https:\/\/www.hdebalzac.fr\/wp-content\/uploads\/2022\/11\/0-3.jpg\" alt=\"\" class=\"wp-image-6837\" srcset=\"https:\/\/www.hdebalzac.fr\/wp-content\/uploads\/2022\/11\/0-3.jpg 640w, https:\/\/www.hdebalzac.fr\/wp-content\/uploads\/2022\/11\/0-3-300x225.jpg 300w\" sizes=\"(max-width: 640px) 100vw, 640px\" \/><\/figure>\n<\/figure>\n\n\n\n<figure class=\"wp-block-gallery has-nested-images columns-default is-cropped wp-block-gallery-4 is-layout-flex wp-block-gallery-is-layout-flex\">\n<figure class=\"wp-block-image size-large\"><img loading=\"lazy\" decoding=\"async\" width=\"397\" height=\"360\" data-id=\"6839\" src=\"https:\/\/www.hdebalzac.fr\/wp-content\/uploads\/2022\/11\/Capture-decran-2022-11-17-a-17.39.10.png\" alt=\"\" class=\"wp-image-6839\" srcset=\"https:\/\/www.hdebalzac.fr\/wp-content\/uploads\/2022\/11\/Capture-decran-2022-11-17-a-17.39.10.png 397w, https:\/\/www.hdebalzac.fr\/wp-content\/uploads\/2022\/11\/Capture-decran-2022-11-17-a-17.39.10-300x272.png 300w\" sizes=\"(max-width: 397px) 100vw, 397px\" \/><\/figure>\n\n\n\n<figure class=\"wp-block-image size-large\"><img loading=\"lazy\" decoding=\"async\" width=\"640\" height=\"480\" data-id=\"6838\" src=\"https:\/\/www.hdebalzac.fr\/wp-content\/uploads\/2022\/11\/0-5.jpg\" alt=\"\" class=\"wp-image-6838\" srcset=\"https:\/\/www.hdebalzac.fr\/wp-content\/uploads\/2022\/11\/0-5.jpg 640w, https:\/\/www.hdebalzac.fr\/wp-content\/uploads\/2022\/11\/0-5-300x225.jpg 300w\" sizes=\"(max-width: 640px) 100vw, 640px\" \/><\/figure>\n<\/figure>\n\n\n\n<p>Certaines ont m\u00eame dessin\u00e9 et \u00e9crit des cartes postales que la dessinatrice Marie Bobin \u2013 auteure de carnets de voyages &#8211; apportera \u00e0 de jeunes s\u00e9n\u00e9galais en f\u00e9vrier 2023. Ces derniers r\u00e9pondront \u00e0 leur tour gr\u00e2ce \u00e0 l\u00b4art de la plume et des feutres!<br><\/p>\n\n\n\n<figure class=\"wp-block-image size-full\"><img loading=\"lazy\" decoding=\"async\" width=\"353\" height=\"237\" src=\"https:\/\/www.hdebalzac.fr\/wp-content\/uploads\/2022\/11\/Capture-decran-2022-11-17-a-17.42.07.png\" alt=\"\" class=\"wp-image-6840\" srcset=\"https:\/\/www.hdebalzac.fr\/wp-content\/uploads\/2022\/11\/Capture-decran-2022-11-17-a-17.42.07.png 353w, https:\/\/www.hdebalzac.fr\/wp-content\/uploads\/2022\/11\/Capture-decran-2022-11-17-a-17.42.07-300x201.png 300w\" sizes=\"(max-width: 353px) 100vw, 353px\" \/><\/figure>\n\n\n\n<p>Ces deux sorties ont permis aux \u00e9l\u00e8ves de mieux se conna\u00eetre et d\u00b4ouvrir grands leurs yeux sur des pays et des mani\u00e8res de vivre diff\u00e9rentes, entour\u00e9.es de leurs nouvelles et nouveaux ami.es de 10 nationalit\u00e9s diff\u00e9rentes!<br><br>Ce sont \u00e9galement des voyageurs courageux car ils ont quitt\u00e9 leur pays, leurs amis, une partie de leur famille, leur maison, pour venir en France.<br><br>Accompagnons- les pour que leur nouvelle vie en France soit la plus douce possible\u00a0\ud83d\ude42  <br><br>Liens utiles\u00a0:<br><a href=\"https:\/\/watmontpellier.fr\/\" data-type=\"URL\" data-id=\"https:\/\/watmontpellier.fr\/\">Festival What a Trip\u00a0: https:\/\/watmontpellier.fr\/<\/a><br>Le site de Sophie et J\u00e9r\u00e9my \u00ab\u00a0Alaska \u2013 Patagonie\u00a0\u00bb\u00a0: <a href=\"https:\/\/www.alaska-patagonie.com\">https:\/\/www.alaska-patagonie.com<\/a><br><br>Carine Bordeux, professeure de Fran\u00e7ais Langue de Scolarisation<\/p>\n","protected":false},"excerpt":{"rendered":"<p>Les 19 et 23 septembre, les \u00e9l\u00e8ves allophones \u2013 des jeunes qui arrivent de l\u00b4\u00e9tranger et dont la langue maternelle n\u00b4est pas le fran\u00e7ais &#8211; de la classe UPE2A ont [&hellip;]<\/p>\n","protected":false},"author":1,"featured_media":6842,"comment_status":"closed","ping_status":"open","sticky":false,"template":"","format":"standard","meta":{"ocean_post_layout":"","ocean_both_sidebars_style":"","ocean_both_sidebars_content_width":0,"ocean_both_sidebars_sidebars_width":0,"ocean_sidebar":"0","ocean_second_sidebar":"0","ocean_disable_margins":"enable","ocean_add_body_class":"","ocean_shortcode_before_top_bar":"","ocean_shortcode_after_top_bar":"","ocean_shortcode_before_header":"","ocean_shortcode_after_header":"","ocean_has_shortcode":"","ocean_shortcode_after_title":"","ocean_shortcode_before_footer_widgets":"","ocean_shortcode_after_footer_widgets":"","ocean_shortcode_before_footer_bottom":"","ocean_shortcode_after_footer_bottom":"","ocean_display_top_bar":"default","ocean_display_header":"default","ocean_header_style":"","ocean_center_header_left_menu":"0","ocean_custom_header_template":"0","ocean_custom_logo":0,"ocean_custom_retina_logo":0,"ocean_custom_logo_max_width":0,"ocean_custom_logo_tablet_max_width":0,"ocean_custom_logo_mobile_max_width":0,"ocean_custom_logo_max_height":0,"ocean_custom_logo_tablet_max_height":0,"ocean_custom_logo_mobile_max_height":0,"ocean_header_custom_menu":"0","ocean_menu_typo_font_family":"0","ocean_menu_typo_font_subset":"","ocean_menu_typo_font_size":0,"ocean_menu_typo_font_size_tablet":0,"ocean_menu_typo_font_size_mobile":0,"ocean_menu_typo_font_size_unit":"px","ocean_menu_typo_font_weight":"","ocean_menu_typo_font_weight_tablet":"","ocean_menu_typo_font_weight_mobile":"","ocean_menu_typo_transform":"","ocean_menu_typo_transform_tablet":"","ocean_menu_typo_transform_mobile":"","ocean_menu_typo_line_height":0,"ocean_menu_typo_line_height_tablet":0,"ocean_menu_typo_line_height_mobile":0,"ocean_menu_typo_line_height_unit":"","ocean_menu_typo_spacing":0,"ocean_menu_typo_spacing_tablet":0,"ocean_menu_typo_spacing_mobile":0,"ocean_menu_typo_spacing_unit":"","ocean_menu_link_color":"","ocean_menu_link_color_hover":"","ocean_menu_link_color_active":"","ocean_menu_link_background":"","ocean_menu_link_hover_background":"","ocean_menu_link_active_background":"","ocean_menu_social_links_bg":"","ocean_menu_social_hover_links_bg":"","ocean_menu_social_links_color":"","ocean_menu_social_hover_links_color":"","ocean_disable_title":"default","ocean_disable_heading":"default","ocean_post_title":"","ocean_post_subheading":"","ocean_post_title_style":"","ocean_post_title_background_color":"","ocean_post_title_background":0,"ocean_post_title_bg_image_position":"","ocean_post_title_bg_image_attachment":"","ocean_post_title_bg_image_repeat":"","ocean_post_title_bg_image_size":"","ocean_post_title_height":0,"ocean_post_title_bg_overlay":0.5,"ocean_post_title_bg_overlay_color":"","ocean_disable_breadcrumbs":"default","ocean_breadcrumbs_color":"","ocean_breadcrumbs_separator_color":"","ocean_breadcrumbs_links_color":"","ocean_breadcrumbs_links_hover_color":"","ocean_display_footer_widgets":"default","ocean_display_footer_bottom":"default","ocean_custom_footer_template":"0","omw_enable_modal_window":"enable","ocean_post_oembed":"","ocean_post_self_hosted_media":"","ocean_post_video_embed":"","ocean_link_format":"","ocean_link_format_target":"self","ocean_quote_format":"","ocean_quote_format_link":"post","ocean_gallery_link_images":"off","ocean_gallery_id":[6824],"footnotes":""},"categories":[3,10],"tags":[],"class_list":["post-6821","post","type-post","status-publish","format-standard","has-post-thumbnail","hentry","category-formation","category-valeurs-de-la-republique-et-citoyennete","entry","has-media"],"jetpack_featured_media_url":"https:\/\/www.hdebalzac.fr\/wp-content\/uploads\/2022\/11\/0-13.jpg","views":"","publishpress_future_action":{"enabled":false,"date":"2026-05-07 11:43:25","action":"change-status","newStatus":"draft","terms":[],"taxonomy":"category","extraData":[]},"publishpress_future_workflow_manual_trigger":{"enabledWorkflows":[]},"_links":{"self":[{"href":"https:\/\/www.hdebalzac.fr\/index.php\/wp-json\/wp\/v2\/posts\/6821","targetHints":{"allow":["GET"]}}],"collection":[{"href":"https:\/\/www.hdebalzac.fr\/index.php\/wp-json\/wp\/v2\/posts"}],"about":[{"href":"https:\/\/www.hdebalzac.fr\/index.php\/wp-json\/wp\/v2\/types\/post"}],"author":[{"embeddable":true,"href":"https:\/\/www.hdebalzac.fr\/index.php\/wp-json\/wp\/v2\/users\/1"}],"replies":[{"embeddable":true,"href":"https:\/\/www.hdebalzac.fr\/index.php\/wp-json\/wp\/v2\/comments?post=6821"}],"version-history":[{"count":13,"href":"https:\/\/www.hdebalzac.fr\/index.php\/wp-json\/wp\/v2\/posts\/6821\/revisions"}],"predecessor-version":[{"id":6861,"href":"https:\/\/www.hdebalzac.fr\/index.php\/wp-json\/wp\/v2\/posts\/6821\/revisions\/6861"}],"wp:featuredmedia":[{"embeddable":true,"href":"https:\/\/www.hdebalzac.fr\/index.php\/wp-json\/wp\/v2\/media\/6842"}],"wp:attachment":[{"href":"https:\/\/www.hdebalzac.fr\/index.php\/wp-json\/wp\/v2\/media?parent=6821"}],"wp:term":[{"taxonomy":"category","embeddable":true,"href":"https:\/\/www.hdebalzac.fr\/index.php\/wp-json\/wp\/v2\/categories?post=6821"},{"taxonomy":"post_tag","embeddable":true,"href":"https:\/\/www.hdebalzac.fr\/index.php\/wp-json\/wp\/v2\/tags?post=6821"}],"curies":[{"name":"wp","href":"https:\/\/api.w.org\/{rel}","templated":true}]}}