{"id":6671,"date":"2022-09-04T17:16:18","date_gmt":"2022-09-04T15:16:18","guid":{"rendered":"https:\/\/www.hdebalzac.fr\/?p=6671"},"modified":"2022-09-12T15:25:32","modified_gmt":"2022-09-12T13:25:32","slug":"une-rentree-sous-le-signe-de-la-bonne-humeur","status":"publish","type":"post","link":"https:\/\/www.hdebalzac.fr\/index.php\/2022\/09\/04\/une-rentree-sous-le-signe-de-la-bonne-humeur\/","title":{"rendered":"Une rentr\u00e9e sous le signe de la bonne humeur !"},"content":{"rendered":"\n<p>Environ 130 \u00e9l\u00e8ves de 2ndes et de la nouvelle classe de 3\u00e8me de l&rsquo;enseignement agricole sont retourn\u00e9s sur les bancs du lyc\u00e9e jeudi 2 septembre. Les \u00e9l\u00e8ves de 1\u00e8res et de terminales, ainsi que les apprentis effectueront quant \u00e0 eux leur rentr\u00e9e le 5 septembre. <\/p>\n\n\n\n<p>Un temps fort particulier souhait\u00e9 par la direction et les \u00e9quipes p\u00e9dagogiques et \u00e9ducatives pour permettre aux nouveaux lyc\u00e9ens et \u00e0 la quinzaine de coll\u00e9giens de prendre leurs marques en douceur dans ce nouvel environnement. <\/p>\n\n\n<div class=\"wp-block-image\">\n<figure class=\"alignright size-full is-resized\"><img fetchpriority=\"high\" decoding=\"async\" src=\"https:\/\/www.hdebalzac.fr\/wp-content\/uploads\/2022\/09\/2409084946998717581.jpg\" alt=\"\" class=\"wp-image-6677\" width=\"360\" height=\"270\" srcset=\"https:\/\/www.hdebalzac.fr\/wp-content\/uploads\/2022\/09\/2409084946998717581.jpg 480w, https:\/\/www.hdebalzac.fr\/wp-content\/uploads\/2022\/09\/2409084946998717581-300x225.jpg 300w\" sizes=\"(max-width: 360px) 100vw, 360px\" \/><figcaption>Visite de la  ville de Castelnau-le-Lez<\/figcaption><\/figure>\n<\/div>\n\n\n<p>Un jeudi consacr\u00e9 \u00e0 la visite de l&rsquo;\u00e9tablissement, \u00e0 la pr\u00e9sentation des personnels, \u00e0 l&rsquo;explicitation des droits et devoirs des \u00e9l\u00e8ves et enfin aux modalit\u00e9s de la formation. Les parents nombreux ont \u00e9galement pu rencontrer leurs correspondants directs en \u00e9tablissement.<\/p>\n\n\n<div class=\"wp-block-image\">\n<figure class=\"aligncenter\"><img decoding=\"async\" src=\"https:\/\/www.hdebalzac.fr\/wp-content\/uploads\/2022\/09\/3485775291548240488-150x150.jpg\" alt=\"\"\/><figcaption>Ville de Castelnau-le-Lez<\/figcaption><\/figure>\n<\/div>\n\n\n<p>Le vendredi 3 septembre, une journ\u00e9e ludique attendait les nouveaux \u00e9l\u00e8ves qui ont pu visiter certains la ville de Castelnau-le-Lez et le parc M\u00e9ric, d&rsquo;autres la ville de Montpellier au travers d&rsquo;un parcours historique, certains le Zoo du Lunaret, d&rsquo;autres enfin le lac du Cr\u00e8s. <\/p>\n\n\n\n<p>Apr\u00e8s un repas partag\u00e9, les jeunes et leurs enseignants ont particip\u00e9 \u00e0 des jeux traditionnels, r\u00e9alis\u00e9 des portraits crois\u00e9s, b\u00e9n\u00e9fici\u00e9 d&rsquo;activit\u00e9s de lecture en plein air, ou encore d&rsquo;une d\u00e9couverte  \u00ab\u00a0Lez&rsquo;Arts\u00a0\u00bb de la po\u00e9sie et des arts illustr\u00e9s et enfin se sont joyeusement surpass\u00e9s lors de parcours sportifs adapt\u00e9s. <\/p>\n\n\n<div class=\"wp-block-image\">\n<figure class=\"alignright size-full is-resized\"><img decoding=\"async\" src=\"https:\/\/www.hdebalzac.fr\/wp-content\/uploads\/2022\/09\/2978362253704404130.jpg\" alt=\"\" class=\"wp-image-6678\" width=\"320\" height=\"180\" srcset=\"https:\/\/www.hdebalzac.fr\/wp-content\/uploads\/2022\/09\/2978362253704404130.jpg 640w, https:\/\/www.hdebalzac.fr\/wp-content\/uploads\/2022\/09\/2978362253704404130-300x169.jpg 300w\" sizes=\"(max-width: 320px) 100vw, 320px\" \/><figcaption>Parc M\u00e9ric<\/figcaption><\/figure>\n<\/div>\n\n\n<figure class=\"wp-block-image size-full is-resized\"><img decoding=\"async\" src=\"https:\/\/www.hdebalzac.fr\/wp-content\/uploads\/2022\/09\/8685228428191070496.jpg\" alt=\"\" class=\"wp-image-6683\" width=\"480\" height=\"270\" srcset=\"https:\/\/www.hdebalzac.fr\/wp-content\/uploads\/2022\/09\/8685228428191070496.jpg 640w, https:\/\/www.hdebalzac.fr\/wp-content\/uploads\/2022\/09\/8685228428191070496-300x169.jpg 300w\" sizes=\"(max-width: 480px) 100vw, 480px\" \/><figcaption>Parc M\u00e9ric<\/figcaption><\/figure>\n\n\n\n<figure class=\"wp-block-image size-full\"><img loading=\"lazy\" decoding=\"async\" width=\"320\" height=\"240\" src=\"https:\/\/www.hdebalzac.fr\/wp-content\/uploads\/2022\/09\/296924947926744881.jpg\" alt=\"\" class=\"wp-image-6676\" srcset=\"https:\/\/www.hdebalzac.fr\/wp-content\/uploads\/2022\/09\/296924947926744881.jpg 320w, https:\/\/www.hdebalzac.fr\/wp-content\/uploads\/2022\/09\/296924947926744881-300x225.jpg 300w\" sizes=\"(max-width: 320px) 100vw, 320px\" \/><figcaption>Montpellier &#8211; Centre historique<\/figcaption><\/figure>\n\n\n\n<figure class=\"wp-block-image size-large\"><img loading=\"lazy\" decoding=\"async\" width=\"768\" height=\"1024\" src=\"https:\/\/www.hdebalzac.fr\/wp-content\/uploads\/2022\/09\/2022-09-02-atelier-livres-a-laire-libre-1-768x1024.jpg\" alt=\"\" class=\"wp-image-6672\" srcset=\"https:\/\/www.hdebalzac.fr\/wp-content\/uploads\/2022\/09\/2022-09-02-atelier-livres-a-laire-libre-1-768x1024.jpg 768w, https:\/\/www.hdebalzac.fr\/wp-content\/uploads\/2022\/09\/2022-09-02-atelier-livres-a-laire-libre-1-225x300.jpg 225w, https:\/\/www.hdebalzac.fr\/wp-content\/uploads\/2022\/09\/2022-09-02-atelier-livres-a-laire-libre-1-1152x1536.jpg 1152w, https:\/\/www.hdebalzac.fr\/wp-content\/uploads\/2022\/09\/2022-09-02-atelier-livres-a-laire-libre-1-1536x2048.jpg 1536w, https:\/\/www.hdebalzac.fr\/wp-content\/uploads\/2022\/09\/2022-09-02-atelier-livres-a-laire-libre-1-scaled.jpg 1920w\" sizes=\"(max-width: 768px) 100vw, 768px\" \/><figcaption>Atelier Livres \u00e0 l&rsquo;aire Libre<\/figcaption><\/figure>\n\n\n\n<p>Des \u00e9changes, de l&rsquo;entraide, rien de mieux pour cr\u00e9er de la coh\u00e9sion de groupe et permettre \u00e0 l&rsquo;ann\u00e9e scolaire de s&rsquo;engager au mieux.<\/p>\n","protected":false},"excerpt":{"rendered":"<p>Environ 130 \u00e9l\u00e8ves de 2ndes et de la nouvelle classe de 3\u00e8me de l&rsquo;enseignement agricole sont retourn\u00e9s sur les bancs du lyc\u00e9e jeudi 2 septembre. Les \u00e9l\u00e8ves de 1\u00e8res et [&hellip;]<\/p>\n","protected":false},"author":1,"featured_media":6689,"comment_status":"closed","ping_status":"open","sticky":false,"template":"","format":"standard","meta":{"ocean_post_layout":"","ocean_both_sidebars_style":"","ocean_both_sidebars_content_width":0,"ocean_both_sidebars_sidebars_width":0,"ocean_sidebar":"0","ocean_second_sidebar":"0","ocean_disable_margins":"enable","ocean_add_body_class":"","ocean_shortcode_before_top_bar":"","ocean_shortcode_after_top_bar":"","ocean_shortcode_before_header":"","ocean_shortcode_after_header":"","ocean_has_shortcode":"","ocean_shortcode_after_title":"","ocean_shortcode_before_footer_widgets":"","ocean_shortcode_after_footer_widgets":"","ocean_shortcode_before_footer_bottom":"","ocean_shortcode_after_footer_bottom":"","ocean_display_top_bar":"default","ocean_display_header":"default","ocean_header_style":"","ocean_center_header_left_menu":"0","ocean_custom_header_template":"0","ocean_custom_logo":0,"ocean_custom_retina_logo":0,"ocean_custom_logo_max_width":0,"ocean_custom_logo_tablet_max_width":0,"ocean_custom_logo_mobile_max_width":0,"ocean_custom_logo_max_height":0,"ocean_custom_logo_tablet_max_height":0,"ocean_custom_logo_mobile_max_height":0,"ocean_header_custom_menu":"0","ocean_menu_typo_font_family":"0","ocean_menu_typo_font_subset":"","ocean_menu_typo_font_size":0,"ocean_menu_typo_font_size_tablet":0,"ocean_menu_typo_font_size_mobile":0,"ocean_menu_typo_font_size_unit":"px","ocean_menu_typo_font_weight":"","ocean_menu_typo_font_weight_tablet":"","ocean_menu_typo_font_weight_mobile":"","ocean_menu_typo_transform":"","ocean_menu_typo_transform_tablet":"","ocean_menu_typo_transform_mobile":"","ocean_menu_typo_line_height":0,"ocean_menu_typo_line_height_tablet":0,"ocean_menu_typo_line_height_mobile":0,"ocean_menu_typo_line_height_unit":"","ocean_menu_typo_spacing":0,"ocean_menu_typo_spacing_tablet":0,"ocean_menu_typo_spacing_mobile":0,"ocean_menu_typo_spacing_unit":"","ocean_menu_link_color":"","ocean_menu_link_color_hover":"","ocean_menu_link_color_active":"","ocean_menu_link_background":"","ocean_menu_link_hover_background":"","ocean_menu_link_active_background":"","ocean_menu_social_links_bg":"","ocean_menu_social_hover_links_bg":"","ocean_menu_social_links_color":"","ocean_menu_social_hover_links_color":"","ocean_disable_title":"default","ocean_disable_heading":"default","ocean_post_title":"","ocean_post_subheading":"","ocean_post_title_style":"","ocean_post_title_background_color":"","ocean_post_title_background":0,"ocean_post_title_bg_image_position":"","ocean_post_title_bg_image_attachment":"","ocean_post_title_bg_image_repeat":"","ocean_post_title_bg_image_size":"","ocean_post_title_height":0,"ocean_post_title_bg_overlay":0.5,"ocean_post_title_bg_overlay_color":"","ocean_disable_breadcrumbs":"default","ocean_breadcrumbs_color":"","ocean_breadcrumbs_separator_color":"","ocean_breadcrumbs_links_color":"","ocean_breadcrumbs_links_hover_color":"","ocean_display_footer_widgets":"default","ocean_display_footer_bottom":"default","ocean_custom_footer_template":"0","omw_enable_modal_window":"enable","ocean_post_oembed":"","ocean_post_self_hosted_media":"","ocean_post_video_embed":"","ocean_link_format":"","ocean_link_format_target":"self","ocean_quote_format":"","ocean_quote_format_link":"post","ocean_gallery_link_images":"off","ocean_gallery_id":[],"footnotes":""},"categories":[3,10,12],"tags":[],"class_list":["post-6671","post","type-post","status-publish","format-standard","has-post-thumbnail","hentry","category-formation","category-valeurs-de-la-republique-et-citoyennete","category-ouverture-culturelle","entry","has-media"],"jetpack_featured_media_url":"https:\/\/www.hdebalzac.fr\/wp-content\/uploads\/2022\/09\/IMG-20220909-WA0003.jpg","views":"","publishpress_future_action":{"enabled":false,"date":"2026-05-03 10:26:48","action":"change-status","newStatus":"draft","terms":[],"taxonomy":"category","extraData":[]},"publishpress_future_workflow_manual_trigger":{"enabledWorkflows":[]},"_links":{"self":[{"href":"https:\/\/www.hdebalzac.fr\/index.php\/wp-json\/wp\/v2\/posts\/6671","targetHints":{"allow":["GET"]}}],"collection":[{"href":"https:\/\/www.hdebalzac.fr\/index.php\/wp-json\/wp\/v2\/posts"}],"about":[{"href":"https:\/\/www.hdebalzac.fr\/index.php\/wp-json\/wp\/v2\/types\/post"}],"author":[{"embeddable":true,"href":"https:\/\/www.hdebalzac.fr\/index.php\/wp-json\/wp\/v2\/users\/1"}],"replies":[{"embeddable":true,"href":"https:\/\/www.hdebalzac.fr\/index.php\/wp-json\/wp\/v2\/comments?post=6671"}],"version-history":[{"count":2,"href":"https:\/\/www.hdebalzac.fr\/index.php\/wp-json\/wp\/v2\/posts\/6671\/revisions"}],"predecessor-version":[{"id":6687,"href":"https:\/\/www.hdebalzac.fr\/index.php\/wp-json\/wp\/v2\/posts\/6671\/revisions\/6687"}],"wp:featuredmedia":[{"embeddable":true,"href":"https:\/\/www.hdebalzac.fr\/index.php\/wp-json\/wp\/v2\/media\/6689"}],"wp:attachment":[{"href":"https:\/\/www.hdebalzac.fr\/index.php\/wp-json\/wp\/v2\/media?parent=6671"}],"wp:term":[{"taxonomy":"category","embeddable":true,"href":"https:\/\/www.hdebalzac.fr\/index.php\/wp-json\/wp\/v2\/categories?post=6671"},{"taxonomy":"post_tag","embeddable":true,"href":"https:\/\/www.hdebalzac.fr\/index.php\/wp-json\/wp\/v2\/tags?post=6671"}],"curies":[{"name":"wp","href":"https:\/\/api.w.org\/{rel}","templated":true}]}}