{"id":5692,"date":"2021-12-10T18:10:32","date_gmt":"2021-12-10T17:10:32","guid":{"rendered":"https:\/\/www.hdebalzac.fr\/?p=5692"},"modified":"2022-02-21T18:21:35","modified_gmt":"2022-02-21T17:21:35","slug":"cartooning-for-peace","status":"publish","type":"post","link":"https:\/\/www.hdebalzac.fr\/index.php\/2021\/12\/10\/cartooning-for-peace\/","title":{"rendered":"Cartooning for peace"},"content":{"rendered":"\n<div class=\"wp-block-image\"><figure class=\"aligncenter is-resized\"><img fetchpriority=\"high\" decoding=\"async\" src=\"https:\/\/www.cartooningforpeace.org\/wp-content\/uploads\/2020\/06\/AFFICHE-EXPO-PEDAGO_DME.jpg\" alt=\"\" width=\"620\" height=\"877\"\/><\/figure><\/div>\n\n\n\n<p>Cartooning for Peace, r\u00e9seau international de dessinateurs de presse r\u00e9solument engag\u00e9s dans la lutte pour l\u2019environnement, cr\u00e9\u00e9 pour la rentr\u00e9e 2020 l\u2019exposition itin\u00e9rante \u00ab\u00a0Dessine-moi l\u2019\u00e9cologie\u00a0\u00bb \u00e0 destination des coll\u00e8ges et lyc\u00e9es sur l\u2019ensemble du territoire fran\u00e7ais; <\/p>\n\n\n\n<p>Compos\u00e9e de 11 panneaux autoportants, l\u2019exposition vient \u00e9galement r\u00e9pondre aux demandes des enseignants qui ont fait part \u00e0 Cartooning for Peace de leurs besoins en mati\u00e8re de ressources p\u00e9dagogiques sur l\u2019environnement. Cette exposition aborde de mani\u00e8re ludique les enjeux li\u00e9s \u00e0 la pollution, \u00e0 la gestion des d\u00e9chets ou encore \u00e0 la biodiversit\u00e9 afin de sensibiliser jeunes et adultes au d\u00e9r\u00e8glement climatique et \u00e0 les inciter \u00e0 s\u2019engager davantage en faveur d\u2019un monde durable.<\/p>\n\n\n\n<h4 class=\"wp-block-heading\" id=\"giemsi-dessinateur-de-presse-a-la-rencontre-des-lyceens\"><strong>Giemsi, dessinateur de presse, \u00e0 la rencontre des lyc\u00e9ens\u00a0!<\/strong><\/h4>\n\n\n\n<p>Vendredi 10 d\u00e9cembre, dans le cadre de l\u2019exposition \u00ab&nbsp;Dessine moi l\u2019\u00e9cologie&nbsp;\u00bb, propos\u00e9e au CDI par l\u2019association Cartooning for Peace, le dessinateur de presse Jean-Marc Couchet, alias Giemsi, est venu \u00e0 la rencontre des jeunes du Lyc\u00e9e Honor\u00e9 de Balzac.<\/p>\n\n\n\n<p>Tr\u00e8s \u00e0 l\u2019\u00e9coute, Giemsi (Spirou, L\u2019Actu, Mon Quotidien etc) a partag\u00e9 la journ\u00e9e avec les \u00e9l\u00e8ves de 1ere professionnelle Conduite de Production Horticole, Bio Industrie de Transformation ou de terminale Sciences et Technologies de l&rsquo;Agronomie et du Vivant.<\/p>\n\n\n\n<figure class=\"wp-block-image size-large is-resized\"><img decoding=\"async\" src=\"https:\/\/www.hdebalzac.fr\/wp-content\/uploads\/2022\/02\/2021-12-10-rencontre-avec-Giemsi-dessinateur-de-presse-48-1024x768.jpg\" alt=\"\" class=\"wp-image-5694\" width=\"768\" height=\"576\" srcset=\"https:\/\/www.hdebalzac.fr\/wp-content\/uploads\/2022\/02\/2021-12-10-rencontre-avec-Giemsi-dessinateur-de-presse-48-1024x768.jpg 1024w, https:\/\/www.hdebalzac.fr\/wp-content\/uploads\/2022\/02\/2021-12-10-rencontre-avec-Giemsi-dessinateur-de-presse-48-300x225.jpg 300w, https:\/\/www.hdebalzac.fr\/wp-content\/uploads\/2022\/02\/2021-12-10-rencontre-avec-Giemsi-dessinateur-de-presse-48-768x576.jpg 768w, https:\/\/www.hdebalzac.fr\/wp-content\/uploads\/2022\/02\/2021-12-10-rencontre-avec-Giemsi-dessinateur-de-presse-48-1536x1152.jpg 1536w, https:\/\/www.hdebalzac.fr\/wp-content\/uploads\/2022\/02\/2021-12-10-rencontre-avec-Giemsi-dessinateur-de-presse-48-2048x1536.jpg 2048w\" sizes=\"(max-width: 768px) 100vw, 768px\" \/><\/figure>\n\n\n\n<p>En rires et en images, les lyc\u00e9ens ont ainsi pu d\u00e9couvrir la naissance d\u2019un croquis, les ficelles de ce m\u00e9tier \u00ab&nbsp;d\u2019agitateur de conscience&nbsp;\u00bb et ont \u00e9t\u00e9 amen\u00e9s \u00e0 r\u00e9fl\u00e9chir au pouvoir du dessin de presse sur une th\u00e9matique au c\u0153ur de leurs pr\u00e9occupations de jeunes adultes : l\u2019\u00e9cologie.<\/p>\n\n\n\n<p>Changement climatique, probl\u00e9matique des d\u00e9chets, pollutions diverses, \u00e9rosion de la biodiversit\u00e9, migrations climatiques\u2026 autant de sujets graves que l\u2019on peut traiter avec humour\u2026 ou humeur&nbsp;! Un message que les jeunes auront appr\u00e9ci\u00e9, ainsi qu\u2019en t\u00e9moigne Charline, \u00e9l\u00e8ve de terminale&nbsp;: \u00ab&nbsp;c\u2019est notre plan\u00e8te \u00e0 nous, on fait partie de tout \u00e7a&nbsp;; il vaut mieux que l\u2019on s\u2019y int\u00e9resse avant qu\u2019il ne soit trop tard\u2026 et les dessins, \u00e7a percute&nbsp;\u00bb ! Giemsi appr\u00e9ciera&nbsp;!<\/p>\n","protected":false},"excerpt":{"rendered":"<p>Cartooning for Peace, r\u00e9seau international de dessinateurs de presse r\u00e9solument engag\u00e9s dans la lutte pour l\u2019environnement, cr\u00e9\u00e9 pour la rentr\u00e9e 2020 l\u2019exposition itin\u00e9rante \u00ab\u00a0Dessine-moi l\u2019\u00e9cologie\u00a0\u00bb \u00e0 destination des coll\u00e8ges et [&hellip;]<\/p>\n","protected":false},"author":6,"featured_media":5693,"comment_status":"closed","ping_status":"open","sticky":false,"template":"","format":"standard","meta":{"ocean_post_layout":"","ocean_both_sidebars_style":"","ocean_both_sidebars_content_width":0,"ocean_both_sidebars_sidebars_width":0,"ocean_sidebar":"0","ocean_second_sidebar":"0","ocean_disable_margins":"enable","ocean_add_body_class":"","ocean_shortcode_before_top_bar":"","ocean_shortcode_after_top_bar":"","ocean_shortcode_before_header":"","ocean_shortcode_after_header":"","ocean_has_shortcode":"","ocean_shortcode_after_title":"","ocean_shortcode_before_footer_widgets":"","ocean_shortcode_after_footer_widgets":"","ocean_shortcode_before_footer_bottom":"","ocean_shortcode_after_footer_bottom":"","ocean_display_top_bar":"default","ocean_display_header":"default","ocean_header_style":"","ocean_center_header_left_menu":"0","ocean_custom_header_template":"0","ocean_custom_logo":0,"ocean_custom_retina_logo":0,"ocean_custom_logo_max_width":0,"ocean_custom_logo_tablet_max_width":0,"ocean_custom_logo_mobile_max_width":0,"ocean_custom_logo_max_height":0,"ocean_custom_logo_tablet_max_height":0,"ocean_custom_logo_mobile_max_height":0,"ocean_header_custom_menu":"0","ocean_menu_typo_font_family":"0","ocean_menu_typo_font_subset":"","ocean_menu_typo_font_size":0,"ocean_menu_typo_font_size_tablet":0,"ocean_menu_typo_font_size_mobile":0,"ocean_menu_typo_font_size_unit":"px","ocean_menu_typo_font_weight":"","ocean_menu_typo_font_weight_tablet":"","ocean_menu_typo_font_weight_mobile":"","ocean_menu_typo_transform":"","ocean_menu_typo_transform_tablet":"","ocean_menu_typo_transform_mobile":"","ocean_menu_typo_line_height":0,"ocean_menu_typo_line_height_tablet":0,"ocean_menu_typo_line_height_mobile":0,"ocean_menu_typo_line_height_unit":"","ocean_menu_typo_spacing":0,"ocean_menu_typo_spacing_tablet":0,"ocean_menu_typo_spacing_mobile":0,"ocean_menu_typo_spacing_unit":"","ocean_menu_link_color":"","ocean_menu_link_color_hover":"","ocean_menu_link_color_active":"","ocean_menu_link_background":"","ocean_menu_link_hover_background":"","ocean_menu_link_active_background":"","ocean_menu_social_links_bg":"","ocean_menu_social_hover_links_bg":"","ocean_menu_social_links_color":"","ocean_menu_social_hover_links_color":"","ocean_disable_title":"default","ocean_disable_heading":"default","ocean_post_title":"","ocean_post_subheading":"","ocean_post_title_style":"","ocean_post_title_background_color":"","ocean_post_title_background":0,"ocean_post_title_bg_image_position":"","ocean_post_title_bg_image_attachment":"","ocean_post_title_bg_image_repeat":"","ocean_post_title_bg_image_size":"","ocean_post_title_height":0,"ocean_post_title_bg_overlay":0.5,"ocean_post_title_bg_overlay_color":"","ocean_disable_breadcrumbs":"default","ocean_breadcrumbs_color":"","ocean_breadcrumbs_separator_color":"","ocean_breadcrumbs_links_color":"","ocean_breadcrumbs_links_hover_color":"","ocean_display_footer_widgets":"default","ocean_display_footer_bottom":"default","ocean_custom_footer_template":"0","omw_enable_modal_window":"enable","ocean_post_oembed":"","ocean_post_self_hosted_media":"","ocean_post_video_embed":"","ocean_link_format":"","ocean_link_format_target":"self","ocean_quote_format":"","ocean_quote_format_link":"post","ocean_gallery_link_images":"off","ocean_gallery_id":[],"footnotes":""},"categories":[9,3,10],"tags":[],"class_list":["post-5692","post","type-post","status-publish","format-standard","has-post-thumbnail","hentry","category-developpement-durable","category-formation","category-valeurs-de-la-republique-et-citoyennete","entry","has-media"],"jetpack_featured_media_url":"https:\/\/www.hdebalzac.fr\/wp-content\/uploads\/2022\/02\/2021-12-10-rencontre-avec-Giemsi-dessinateur-de-presse-19.jpg","views":"","publishpress_future_action":{"enabled":false,"date":"2026-05-06 22:01:08","action":"change-status","newStatus":"draft","terms":[],"taxonomy":"category","extraData":[]},"publishpress_future_workflow_manual_trigger":{"enabledWorkflows":[]},"_links":{"self":[{"href":"https:\/\/www.hdebalzac.fr\/index.php\/wp-json\/wp\/v2\/posts\/5692","targetHints":{"allow":["GET"]}}],"collection":[{"href":"https:\/\/www.hdebalzac.fr\/index.php\/wp-json\/wp\/v2\/posts"}],"about":[{"href":"https:\/\/www.hdebalzac.fr\/index.php\/wp-json\/wp\/v2\/types\/post"}],"author":[{"embeddable":true,"href":"https:\/\/www.hdebalzac.fr\/index.php\/wp-json\/wp\/v2\/users\/6"}],"replies":[{"embeddable":true,"href":"https:\/\/www.hdebalzac.fr\/index.php\/wp-json\/wp\/v2\/comments?post=5692"}],"version-history":[{"count":4,"href":"https:\/\/www.hdebalzac.fr\/index.php\/wp-json\/wp\/v2\/posts\/5692\/revisions"}],"predecessor-version":[{"id":6199,"href":"https:\/\/www.hdebalzac.fr\/index.php\/wp-json\/wp\/v2\/posts\/5692\/revisions\/6199"}],"wp:featuredmedia":[{"embeddable":true,"href":"https:\/\/www.hdebalzac.fr\/index.php\/wp-json\/wp\/v2\/media\/5693"}],"wp:attachment":[{"href":"https:\/\/www.hdebalzac.fr\/index.php\/wp-json\/wp\/v2\/media?parent=5692"}],"wp:term":[{"taxonomy":"category","embeddable":true,"href":"https:\/\/www.hdebalzac.fr\/index.php\/wp-json\/wp\/v2\/categories?post=5692"},{"taxonomy":"post_tag","embeddable":true,"href":"https:\/\/www.hdebalzac.fr\/index.php\/wp-json\/wp\/v2\/tags?post=5692"}],"curies":[{"name":"wp","href":"https:\/\/api.w.org\/{rel}","templated":true}]}}