{"id":5093,"date":"2021-06-15T10:37:44","date_gmt":"2021-06-15T08:37:44","guid":{"rendered":"https:\/\/www.hdebalzac.fr\/?p=5093"},"modified":"2021-06-22T12:39:08","modified_gmt":"2021-06-22T10:39:08","slug":"leveil-aux-sens-au-chu-de-montpellier","status":"publish","type":"post","link":"https:\/\/www.hdebalzac.fr\/index.php\/2021\/06\/15\/leveil-aux-sens-au-chu-de-montpellier\/","title":{"rendered":"L\u2019\u00e9veil aux sens au CHU de Montpellier"},"content":{"rendered":"\n<h2 class=\"wp-block-heading\">L\u2019\u00e9veil aux sens au CHU de Montpellier<\/h2>\n\n\n\n<p>De l\u2019\u00e9change entre le personnel du Centre Hospitalier Universitaire (CHU) de Montpellier, Delphine Boubli, psychomotricienne, V\u00e9ronique Thouroude, infirmi\u00e8re, et nos enseignants, Sabine Jarry et Allan Neveux, est n\u00e9 un partenariat aboutissant \u00e0 la r\u00e9alisation d\u2019un projet ambitieux. Il s\u2019inscrit compl\u00e8tement dans la mission d\u2019animation du territoire qui est la n\u00f4tre.<\/p>\n\n\n\n<p>Il avait pour objet la r\u00e9alisation d\u2019un jardin sensoriel, destin\u00e9 \u00e0 l\u2019unit\u00e9 petite enfance du Service de M\u00e9decine Psychologique pour Enfants et Adolescents Peyre Plantade du CHU La Colombi\u00e8re \u00e0 Montpellier. Cet espace, prochainement implant\u00e9, sera destin\u00e9 aux enfants pr\u00e9sentant des troubles du spectre autistique. Les recommandations de bonnes pratiques publi\u00e9es par l\u2019ANESM (Agence nationale de l\u2019\u00e9valuation sociale et m\u00e9dico-sociale) accordent une importance particuli\u00e8re \u00e0 ces espaces ext\u00e9rieurs et rappellent leurs diverses potentialit\u00e9s et les bienfaits qu\u2019ils procurent (Centre de ressources autisme Alsace 2017).<\/p>\n\n\n\n<p>Ainsi, nos apprenants, avec l\u2019appui des professeurs Sabine Jarry, enseignante en Sciences Economiques et Gestion Commerciale, et Allan Neveux, enseignant en Sciences et Techniques Horticoles, soutenus par la directrice-adjointe de l\u2019\u00e9tablissement, Julie Chavagneux, ont \u00e9t\u00e9 appel\u00e9s \u00e0 la r\u00e9alisation de ce jardin. Cette collaboration s\u2019effectue dans le cadre du stage collectif de la classe de Seconde Vente Univers Jardinerie, lequel doit permettre aux \u00e9l\u00e8ves de d\u00e9couvrir le milieu professionnel, s\u2019int\u00e9grer dans la vie de la structure d\u2019accueil, participer activement \u00e0 un chantier de travaux paysagers, s\u2019impliquer personnellement et prendre des initiatives.<\/p>\n\n\n\n<div class=\"wp-block-image\"><figure class=\"aligncenter size-large is-resized\"><img fetchpriority=\"high\" decoding=\"async\" src=\"https:\/\/www.hdebalzac.fr\/wp-content\/uploads\/2021\/06\/CHU-1.jpg\" alt=\"\" class=\"wp-image-5095\" width=\"373\" height=\"278\" srcset=\"https:\/\/www.hdebalzac.fr\/wp-content\/uploads\/2021\/06\/CHU-1.jpg 689w, https:\/\/www.hdebalzac.fr\/wp-content\/uploads\/2021\/06\/CHU-1-300x224.jpg 300w\" sizes=\"(max-width: 373px) 100vw, 373px\" \/><figcaption>Au coeur de l&rsquo;action&#8230;<\/figcaption><\/figure><\/div>\n\n\n\n<p>Ce m\u00eame partenariat local entre le lyc\u00e9e Honor\u00e9 de Balzac et la Colombi\u00e8re s\u2019est \u00e9tabli, selon Julie Chavagneux, dans un souci de participer \u00e0 un projet d\u2019utilit\u00e9 sociale en lien avec les pr\u00e9occupations sanitaires et psycho-sociales actuelles, particuli\u00e8rement pr\u00e9sentes chez les jeunes. \u00ab&nbsp;Une mani\u00e8re de rendre aux soignants&nbsp;\u00bb confie Camilla.<\/p>\n\n\n\n<p>De f\u00e9vrier \u00e0 mars 2021, les \u00e9quipes des \u00ab&nbsp;espaces verts&nbsp;\u00bb du CHU ont pr\u00e9par\u00e9 le site pour le chantier officiel qui s\u2019est d\u00e9roul\u00e9 en mai 2021 et auquel nos apprenants ont pris part.<\/p>\n\n\n\n<p>En amont, il a fallu prendre connaissance des plans de l\u2019architecte, enlever les souches, arracher les plantes piquantes (rosier, Yuka) ou mortes, tailler les bosquets et v\u00e9g\u00e9taux, puis nettoyer le site. En mars, les travaux pr\u00e9paratoires se sont poursuivis avec la pose de structures en bois (portillons et treille).<\/p>\n\n\n\n<p>Les \u00e9l\u00e8ves du Lyc\u00e9e Honor\u00e9 de Balzac sont alors intervenus du 3 mai au 7 mai 2021. Ils se sont attel\u00e9s \u00e0 la commande et \u00e0 la r\u00e9ception des v\u00e9g\u00e9taux, ainsi qu\u2019\u00e0 la r\u00e9alisation des plantations et des chemins sensoriels \u00e0 partir des documents techniques \u00e0 leur disposition.<\/p>\n\n\n\n<div class=\"wp-block-image\"><figure class=\"aligncenter size-large is-resized\"><img decoding=\"async\" src=\"https:\/\/www.hdebalzac.fr\/wp-content\/uploads\/2021\/06\/CHU-4.jpg\" alt=\"\" class=\"wp-image-5096\" width=\"319\" height=\"428\" srcset=\"https:\/\/www.hdebalzac.fr\/wp-content\/uploads\/2021\/06\/CHU-4.jpg 466w, https:\/\/www.hdebalzac.fr\/wp-content\/uploads\/2021\/06\/CHU-4-223x300.jpg 223w\" sizes=\"(max-width: 319px) 100vw, 319px\" \/><figcaption>Mise en oeuvre du travail d&rsquo;\u00e9quipe.<\/figcaption><\/figure><\/div>\n\n\n\n<p>Ce travail s\u2019est v\u00e9ritablement effectu\u00e9 en \u00e9quipe&nbsp;: avec l\u2019alternance du travail de l\u2019architecte paysagiste Bethsab\u00e9e de Gunzbourg, pour le tra\u00e7age de l\u2019implantation des massifs et des chemins sensoriels, celui des stagiaires, sous la responsabilit\u00e9 de M. Vidal, ma\u00eetre de stage et de M. Dengerma, tuteur, tous deux rattach\u00e9s au service des espaces verts et sous la coordination de Mmes Boubli et Thouroude, respectivement psychomotricienne et infirmi\u00e8re au sein de l\u2019unit\u00e9 petite enfance du MPEA Peyre Plantade.<\/p>\n\n\n\n<p>Gr\u00e2ce \u00e0 l\u2019aide pr\u00e9cieuse de nos \u00e9l\u00e8ves sur le chantier, cet espace devrait \u00eatre mis en service en septembre 2021. Ce partenariat a rassembl\u00e9 des acteurs de tous horizons&nbsp;: encadr\u00e9 par Madame la Professeure Amaria Baghdadli, cheffe de service, les M\u00e9decins de l\u2019Unit\u00e9 petite enfance, les \u00e9quipes de la petite enfance et de la consultation, et enfin le service communication pour la valorisation de cette belle initiative.<\/p>\n\n\n\n<figure class=\"wp-block-image size-large is-resized\"><img decoding=\"async\" src=\"https:\/\/www.hdebalzac.fr\/wp-content\/uploads\/2021\/06\/chu-avant-apres.jpg\" alt=\"\" class=\"wp-image-5097\" width=\"878\" height=\"352\" srcset=\"https:\/\/www.hdebalzac.fr\/wp-content\/uploads\/2021\/06\/chu-avant-apres.jpg 757w, https:\/\/www.hdebalzac.fr\/wp-content\/uploads\/2021\/06\/chu-avant-apres-300x120.jpg 300w\" sizes=\"(max-width: 878px) 100vw, 878px\" \/><figcaption>L&rsquo;avant et l&rsquo;apr\u00e8s : une nette diff\u00e9rence !<\/figcaption><\/figure>\n\n\n\n<p>Cet atelier aura permis aux \u00e9l\u00e8ves de communiquer en situation professionnelle, d\u2019appr\u00e9hender les v\u00e9g\u00e9taux utilis\u00e9s, les techniques de plantation et de bonne reprise des v\u00e9g\u00e9taux. La finalit\u00e9 p\u00e9dagogique doit aboutir \u00e0 une restitution de leurs activit\u00e9s \u00e0 l\u2019\u00e9crit et \u00e0 l\u2019oral afin de valoriser cette exp\u00e9rience professionnelle dans le cadre de leur formation. Afin qu\u2019ils puissent r\u00e9aliser ce stage, Madame Jarry a op\u00e9r\u00e9 une simulation de recrutement&nbsp;: les \u00e9l\u00e8ves ont du r\u00e9diger un CV et une lettre de motivation comme s\u2019ils devaient postuler, le principe \u00e9tant de les pr\u00e9parer au contexte de r\u00e9elle recherche de stage, d\u2019emploi ou d\u2019alternance qui les attend.<\/p>\n\n\n\n<p>Les 15 autres \u00e9l\u00e8ves de la classe Seconde Vente Univers Jardinerie n\u2019ont pas \u00e9t\u00e9 en reste&nbsp;: certains ont effectu\u00e9 leur stage au CFA d\u2019Agropolis, \u00e0 Jardiland, la Serre de Gramont Montpellier et aux Serres de la Frondaie, exploitation du Lyc\u00e9e Professionnel Honor\u00e9 de Balzac.<\/p>\n\n\n\n<p>En effet, favoriser la mise en situation professionnelle et pratique des apprenants est un des principaux objectifs du Lyc\u00e9e Honor\u00e9 de Balzac, d\u2019autant plus quand cet enseignement prend une nouvelle dimension, en \u00e9tant au service d\u2019une cause d\u2019utilit\u00e9 sociale et publique qui d\u00e9passe les limites de l\u2019\u00e9tablissement.<\/p>\n","protected":false},"excerpt":{"rendered":"<p>L\u2019\u00e9veil aux sens au CHU de Montpellier De l\u2019\u00e9change entre le personnel du Centre Hospitalier Universitaire (CHU) de Montpellier, Delphine Boubli, psychomotricienne, V\u00e9ronique Thouroude, infirmi\u00e8re, et nos enseignants, Sabine Jarry [&hellip;]<\/p>\n","protected":false},"author":1,"featured_media":5094,"comment_status":"closed","ping_status":"open","sticky":false,"template":"","format":"standard","meta":{"ocean_post_layout":"","ocean_both_sidebars_style":"","ocean_both_sidebars_content_width":0,"ocean_both_sidebars_sidebars_width":0,"ocean_sidebar":"0","ocean_second_sidebar":"0","ocean_disable_margins":"enable","ocean_add_body_class":"","ocean_shortcode_before_top_bar":"","ocean_shortcode_after_top_bar":"","ocean_shortcode_before_header":"","ocean_shortcode_after_header":"","ocean_has_shortcode":"","ocean_shortcode_after_title":"","ocean_shortcode_before_footer_widgets":"","ocean_shortcode_after_footer_widgets":"","ocean_shortcode_before_footer_bottom":"","ocean_shortcode_after_footer_bottom":"","ocean_display_top_bar":"default","ocean_display_header":"default","ocean_header_style":"","ocean_center_header_left_menu":"0","ocean_custom_header_template":"0","ocean_custom_logo":0,"ocean_custom_retina_logo":0,"ocean_custom_logo_max_width":0,"ocean_custom_logo_tablet_max_width":0,"ocean_custom_logo_mobile_max_width":0,"ocean_custom_logo_max_height":0,"ocean_custom_logo_tablet_max_height":0,"ocean_custom_logo_mobile_max_height":0,"ocean_header_custom_menu":"0","ocean_menu_typo_font_family":"0","ocean_menu_typo_font_subset":"","ocean_menu_typo_font_size":0,"ocean_menu_typo_font_size_tablet":0,"ocean_menu_typo_font_size_mobile":0,"ocean_menu_typo_font_size_unit":"px","ocean_menu_typo_font_weight":"","ocean_menu_typo_font_weight_tablet":"","ocean_menu_typo_font_weight_mobile":"","ocean_menu_typo_transform":"","ocean_menu_typo_transform_tablet":"","ocean_menu_typo_transform_mobile":"","ocean_menu_typo_line_height":0,"ocean_menu_typo_line_height_tablet":0,"ocean_menu_typo_line_height_mobile":0,"ocean_menu_typo_line_height_unit":"","ocean_menu_typo_spacing":0,"ocean_menu_typo_spacing_tablet":0,"ocean_menu_typo_spacing_mobile":0,"ocean_menu_typo_spacing_unit":"","ocean_menu_link_color":"","ocean_menu_link_color_hover":"","ocean_menu_link_color_active":"","ocean_menu_link_background":"","ocean_menu_link_hover_background":"","ocean_menu_link_active_background":"","ocean_menu_social_links_bg":"","ocean_menu_social_hover_links_bg":"","ocean_menu_social_links_color":"","ocean_menu_social_hover_links_color":"","ocean_disable_title":"default","ocean_disable_heading":"default","ocean_post_title":"","ocean_post_subheading":"","ocean_post_title_style":"","ocean_post_title_background_color":"","ocean_post_title_background":0,"ocean_post_title_bg_image_position":"","ocean_post_title_bg_image_attachment":"","ocean_post_title_bg_image_repeat":"","ocean_post_title_bg_image_size":"","ocean_post_title_height":0,"ocean_post_title_bg_overlay":0.5,"ocean_post_title_bg_overlay_color":"","ocean_disable_breadcrumbs":"default","ocean_breadcrumbs_color":"","ocean_breadcrumbs_separator_color":"","ocean_breadcrumbs_links_color":"","ocean_breadcrumbs_links_hover_color":"","ocean_display_footer_widgets":"default","ocean_display_footer_bottom":"default","ocean_custom_footer_template":"0","omw_enable_modal_window":"enable","ocean_post_oembed":"","ocean_post_self_hosted_media":"","ocean_post_video_embed":"","ocean_link_format":"","ocean_link_format_target":"self","ocean_quote_format":"","ocean_quote_format_link":"post","ocean_gallery_link_images":"off","ocean_gallery_id":[],"footnotes":""},"categories":[9,3],"tags":[27,28],"class_list":["post-5093","post","type-post","status-publish","format-standard","has-post-thumbnail","hentry","category-developpement-durable","category-formation","tag-partenariat-local","tag-stage","entry","has-media"],"jetpack_featured_media_url":"https:\/\/www.hdebalzac.fr\/wp-content\/uploads\/2021\/06\/CHU-3.jpg","views":"","publishpress_future_action":{"enabled":false,"date":"2026-05-06 22:47:32","action":"change-status","newStatus":"draft","terms":[],"taxonomy":"category","extraData":[]},"publishpress_future_workflow_manual_trigger":{"enabledWorkflows":[]},"_links":{"self":[{"href":"https:\/\/www.hdebalzac.fr\/index.php\/wp-json\/wp\/v2\/posts\/5093","targetHints":{"allow":["GET"]}}],"collection":[{"href":"https:\/\/www.hdebalzac.fr\/index.php\/wp-json\/wp\/v2\/posts"}],"about":[{"href":"https:\/\/www.hdebalzac.fr\/index.php\/wp-json\/wp\/v2\/types\/post"}],"author":[{"embeddable":true,"href":"https:\/\/www.hdebalzac.fr\/index.php\/wp-json\/wp\/v2\/users\/1"}],"replies":[{"embeddable":true,"href":"https:\/\/www.hdebalzac.fr\/index.php\/wp-json\/wp\/v2\/comments?post=5093"}],"version-history":[{"count":4,"href":"https:\/\/www.hdebalzac.fr\/index.php\/wp-json\/wp\/v2\/posts\/5093\/revisions"}],"predecessor-version":[{"id":5207,"href":"https:\/\/www.hdebalzac.fr\/index.php\/wp-json\/wp\/v2\/posts\/5093\/revisions\/5207"}],"wp:featuredmedia":[{"embeddable":true,"href":"https:\/\/www.hdebalzac.fr\/index.php\/wp-json\/wp\/v2\/media\/5094"}],"wp:attachment":[{"href":"https:\/\/www.hdebalzac.fr\/index.php\/wp-json\/wp\/v2\/media?parent=5093"}],"wp:term":[{"taxonomy":"category","embeddable":true,"href":"https:\/\/www.hdebalzac.fr\/index.php\/wp-json\/wp\/v2\/categories?post=5093"},{"taxonomy":"post_tag","embeddable":true,"href":"https:\/\/www.hdebalzac.fr\/index.php\/wp-json\/wp\/v2\/tags?post=5093"}],"curies":[{"name":"wp","href":"https:\/\/api.w.org\/{rel}","templated":true}]}}