{"id":5005,"date":"2021-05-25T09:59:36","date_gmt":"2021-05-25T07:59:36","guid":{"rendered":"https:\/\/www.hdebalzac.fr\/?p=5005"},"modified":"2021-06-22T13:28:06","modified_gmt":"2021-06-22T11:28:06","slug":"une-vraie-visite-du-jardin-des-plantes-de-montpellier-pour-les-eleves-de-terminale-bac-professionnel-conduite-de-productions-horticoles","status":"publish","type":"post","link":"https:\/\/www.hdebalzac.fr\/index.php\/2021\/05\/25\/une-vraie-visite-du-jardin-des-plantes-de-montpellier-pour-les-eleves-de-terminale-bac-professionnel-conduite-de-productions-horticoles\/","title":{"rendered":"Une vraie visite du Jardin des Plantes de Montpellier, pour les \u00e9l\u00e8ves de terminale bac professionnel Conduite de Productions Horticoles"},"content":{"rendered":"\n<h2 class=\"wp-block-heading\">Une vraie visite du Jardin des Plantes de Montpellier, pour les \u00e9l\u00e8ves de terminale bac professionnel Conduite de Productions Horticoles<\/h2>\n\n\n\n<p>Avec le retour des cours en pr\u00e9sentiel, les \u00e9l\u00e8ves de terminale bac professionnel Conduite de Productions Horticoles ont visit\u00e9 le Jardin des Plantes de Montpellier le 7 mai apr\u00e8s-midi, accompagn\u00e9s par Isabelle Leoncini et Francesco Picasso. C&rsquo;est Monsieur Didier Morisot, un des responsables de la taxonomie et graineterie, qui a \u00e9t\u00e9 notre guide de ce haut lieu de la botanique, qui est \u00e0 la fois jardin botanique, jardin historique et jardin universitaire.<\/p>\n\n\n\n<p>Pour en savoir plus sur le Jardin des Plantes nous vous recommandons de visiter leur <a rel=\"noreferrer noopener\" href=\"https:\/\/jardin-des-plantes.edu.umontpellier.fr\/\" target=\"_blank\">site internet<\/a>. Les \u00e9l\u00e8ves ont d\u00e9couvert des arbres et des plantes remarquables, ayant eu acc\u00e8s \u00e0 des parties du jardins qui ne sont pas ouvertes au public en permanence. Nous remercions ici le Jardin des Plantes de son accueil, et les \u00e9l\u00e8ves vous pr\u00e9sentent ci-dessous quelques plantes.<\/p>\n\n\n\n<div class=\"wp-block-image\"><figure class=\"aligncenter size-large\"><img fetchpriority=\"high\" decoding=\"async\" width=\"433\" height=\"577\" src=\"https:\/\/www.hdebalzac.fr\/wp-content\/uploads\/2021\/05\/butia-yatay-rotated.jpg\" alt=\"butia yatay\" class=\"wp-image-5012\" srcset=\"https:\/\/www.hdebalzac.fr\/wp-content\/uploads\/2021\/05\/butia-yatay-rotated.jpg 433w, https:\/\/www.hdebalzac.fr\/wp-content\/uploads\/2021\/05\/butia-yatay-225x300.jpg 225w\" sizes=\"(max-width: 433px) 100vw, 433px\" \/><figcaption>Butia yatay<\/figcaption><\/figure><\/div>\n\n\n\n<p>A l&rsquo;entr\u00e9e du jardin nous avons retrouv\u00e9 un <em>Butia yatay<\/em>, que nous avions d\u00e9j\u00e0 rencontr\u00e9 au pied de la citadelle Joffre.<\/p>\n\n\n\n<div class=\"wp-block-image\"><figure class=\"aligncenter size-large\"><img decoding=\"async\" width=\"500\" height=\"500\" src=\"https:\/\/www.hdebalzac.fr\/wp-content\/uploads\/2021\/05\/etiquette-smart-flore.jpg\" alt=\"\" class=\"wp-image-5083\" srcset=\"https:\/\/www.hdebalzac.fr\/wp-content\/uploads\/2021\/05\/etiquette-smart-flore.jpg 500w, https:\/\/www.hdebalzac.fr\/wp-content\/uploads\/2021\/05\/etiquette-smart-flore-300x300.jpg 300w, https:\/\/www.hdebalzac.fr\/wp-content\/uploads\/2021\/05\/etiquette-smart-flore-150x150.jpg 150w\" sizes=\"(max-width: 500px) 100vw, 500px\" \/><figcaption>\u00e9tiquette avec QR Code, d&rsquo;un des sentier  Smart&rsquo;Flore, ici le Smart&rsquo;Pharma<\/figcaption><\/figure><\/div>\n\n\n\n<p>D\u00e8s le d\u00e9but de la visite nous avons vu que de nombreux sp\u00e9cimens sont \u00e9tiquet\u00e9s avec QR Code; il s&rsquo;agit du projet <a rel=\"noreferrer noopener\" href=\"https:\/\/www.tela-botanica.org\/outils\/smartflore-boite-outils\/\" data-type=\"URL\" data-id=\"https:\/\/www.tela-botanica.org\/outils\/smartflore-boite-outils\/\" target=\"_blank\">Smart&rsquo;Flore de Tela Botanica<\/a>.<\/p>\n\n\n\n<p>Le premier arbuste embl\u00e9matique a \u00e9t\u00e9 <em>Phillyrea latifolia<\/em>, ou filaire \u00e0 larges feuilles, dont le tronc est plut\u00f4t original car il est creux et biscornu. Les visiteurs du jardin y mettent des v\u0153ux \u00e9crit sur des petits papiers, ou des pi\u00e8ces porte bonheur.<\/p>\n\n\n\n<div class=\"wp-block-image\"><figure class=\"aligncenter size-large\"><img decoding=\"async\" width=\"433\" height=\"577\" src=\"https:\/\/www.hdebalzac.fr\/wp-content\/uploads\/2021\/05\/phillaire-rotated.jpg\" alt=\"phillaire\" class=\"wp-image-5020\" srcset=\"https:\/\/www.hdebalzac.fr\/wp-content\/uploads\/2021\/05\/phillaire-rotated.jpg 433w, https:\/\/www.hdebalzac.fr\/wp-content\/uploads\/2021\/05\/phillaire-225x300.jpg 225w\" sizes=\"(max-width: 433px) 100vw, 433px\" \/><figcaption>phillaire<\/figcaption><\/figure><\/div>\n\n\n\n<p>A l&rsquo;autre extr\u00e9mit\u00e9 de la \u00ab\u00a0Montagne de Richer\u00a0\u00bb, nous avons vu un grand pistachier lentisque,<em> Pistacia lentiscus<\/em>, autre arbuste commun dans les garrigues montpelli\u00e9raines, mais surtout un tr\u00e8s viel arbre de Jud\u00e9e, <em>Cercis siliquastrum<\/em>, bel arbuste m\u00e9diterran\u00e9en \u00e0 la floraison violette spectaculaire en fin d&rsquo;hiver. Ce sp\u00e9cimen est un des plus vieux arbres du jardin. Ayant \u00e9t\u00e9 recep\u00e9, ses troncs ne sont pas aussi \u00e2g\u00e9s que ses racines.<\/p>\n\n\n\n<div class=\"wp-block-image\"><figure class=\"aligncenter size-large\"><img loading=\"lazy\" decoding=\"async\" width=\"558\" height=\"447\" src=\"https:\/\/www.hdebalzac.fr\/wp-content\/uploads\/2021\/05\/cercis-vieux.jpg\" alt=\"\" class=\"wp-image-5013\" srcset=\"https:\/\/www.hdebalzac.fr\/wp-content\/uploads\/2021\/05\/cercis-vieux.jpg 558w, https:\/\/www.hdebalzac.fr\/wp-content\/uploads\/2021\/05\/cercis-vieux-300x240.jpg 300w\" sizes=\"(max-width: 558px) 100vw, 558px\" \/><figcaption>Un des plus vieux arbres du jardin, un Cercis siliquastrum<\/figcaption><\/figure><\/div>\n\n\n\n<p>Nous sommes pass\u00e9s par une porte de service acc\u00e9dant une partie actuellement ferm\u00e9e au public. Nous y avons vu un beau palmier de Californie, un <em>Washingtonia robusta<\/em>, dont les vieilles palmes ne sont pas coup\u00e9es, comme \u00e0 l&rsquo;\u00e9tat naturel.<\/p>\n\n\n\n<div class=\"wp-block-image\"><figure class=\"aligncenter size-large\"><img loading=\"lazy\" decoding=\"async\" width=\"433\" height=\"577\" src=\"https:\/\/www.hdebalzac.fr\/wp-content\/uploads\/2021\/05\/washingtonia-naturel-rotated.jpg\" alt=\"\" class=\"wp-image-5084\" srcset=\"https:\/\/www.hdebalzac.fr\/wp-content\/uploads\/2021\/05\/washingtonia-naturel-rotated.jpg 433w, https:\/\/www.hdebalzac.fr\/wp-content\/uploads\/2021\/05\/washingtonia-naturel-225x300.jpg 225w\" sizes=\"(max-width: 433px) 100vw, 433px\" \/><figcaption>Palmiers nettoy\u00e9s ou pas de leurs vieilles palmes, dans leur habitat naturel: les d\u00e9serts de Californie.<\/figcaption><\/figure><\/div>\n\n\n\n<p>On nous a ensuite ouvert les portes de l&rsquo;Orangerie, dont la restauration est termin\u00e9e, et qui devrait bient\u00f4t rouvrir au public. Nous avons pu y voir \u00e0 l&rsquo;entr\u00e9e une belle Erythrine cr\u00eate de coq, <em>Erythrina crista-galli<\/em>, bel arbre d\u00e9coratif qui r\u00e9siste en situation abrit\u00e9e, et de beaux Cycas en pots  (Cycas du Japon, Faux palmier, Palmier de la Paix, Sagoutier, Sagou du Japon :&nbsp;<em>Cycas revoluta<\/em>) ainsi que d&rsquo;autres membres de la famille des Cycadac\u00e9es.<\/p>\n\n\n\n<div class=\"wp-block-image\"><figure class=\"aligncenter size-large\"><img loading=\"lazy\" decoding=\"async\" width=\"433\" height=\"577\" src=\"https:\/\/www.hdebalzac.fr\/wp-content\/uploads\/2021\/05\/orangerie-bis-rotated.jpg\" alt=\"orangerie\" class=\"wp-image-5016\" srcset=\"https:\/\/www.hdebalzac.fr\/wp-content\/uploads\/2021\/05\/orangerie-bis-rotated.jpg 433w, https:\/\/www.hdebalzac.fr\/wp-content\/uploads\/2021\/05\/orangerie-bis-225x300.jpg 225w\" sizes=\"(max-width: 433px) 100vw, 433px\" \/><figcaption>l&rsquo;Orangerie<\/figcaption><\/figure><\/div>\n\n\n\n<p>En face de l&rsquo;Orangerie, nous avons arpent\u00e9 \u00ab\u00a0l&rsquo;Ecole Syst\u00e9matique\u00a0\u00bb, o\u00f9 les v\u00e9g\u00e9taux sont class\u00e9s par familles botaniques pour d\u00e9couvrir la classification syst\u00e9matique.<\/p>\n\n\n\n<figure class=\"wp-block-image size-large\"><img loading=\"lazy\" decoding=\"async\" width=\"1024\" height=\"457\" src=\"https:\/\/www.hdebalzac.fr\/wp-content\/uploads\/2021\/05\/vue-pano-bota-1024x457.jpg\" alt=\"\" class=\"wp-image-5022\" srcset=\"https:\/\/www.hdebalzac.fr\/wp-content\/uploads\/2021\/05\/vue-pano-bota-1024x457.jpg 1024w, https:\/\/www.hdebalzac.fr\/wp-content\/uploads\/2021\/05\/vue-pano-bota-300x134.jpg 300w, https:\/\/www.hdebalzac.fr\/wp-content\/uploads\/2021\/05\/vue-pano-bota-768x343.jpg 768w, https:\/\/www.hdebalzac.fr\/wp-content\/uploads\/2021\/05\/vue-pano-bota-1536x685.jpg 1536w, https:\/\/www.hdebalzac.fr\/wp-content\/uploads\/2021\/05\/vue-pano-bota-2048x914.jpg 2048w\" sizes=\"(max-width: 1024px) 100vw, 1024px\" \/><figcaption>Fa\u00e7ade de l&rsquo;Orangerie et \u00c9cole syt\u00e9matique<\/figcaption><\/figure>\n\n\n\n<div class=\"wp-block-image\"><figure class=\"aligncenter size-large\"><img loading=\"lazy\" decoding=\"async\" width=\"577\" height=\"433\" src=\"https:\/\/www.hdebalzac.fr\/wp-content\/uploads\/2021\/05\/jardin-bot.jpg\" alt=\"ecole systematique\" class=\"wp-image-5015\" srcset=\"https:\/\/www.hdebalzac.fr\/wp-content\/uploads\/2021\/05\/jardin-bot.jpg 577w, https:\/\/www.hdebalzac.fr\/wp-content\/uploads\/2021\/05\/jardin-bot-300x225.jpg 300w\" sizes=\"(max-width: 577px) 100vw, 577px\" \/><figcaption>\u00e9cole syst\u00e9matique<\/figcaption><\/figure><\/div>\n\n\n\n<p>Ensuite, nous nous sommes rendus sous l&rsquo;incontournable<em> Ginkgo biloba<\/em>, ou Arbre aux 40 \u00e9cus, plant\u00e9 en 1795!<\/p>\n\n\n\n<div class=\"wp-block-image\"><figure class=\"aligncenter size-large\"><img loading=\"lazy\" decoding=\"async\" width=\"499\" height=\"500\" src=\"https:\/\/www.hdebalzac.fr\/wp-content\/uploads\/2021\/05\/etiquette-ginkgo.jpg\" alt=\"Ginkgo\" class=\"wp-image-5014\" srcset=\"https:\/\/www.hdebalzac.fr\/wp-content\/uploads\/2021\/05\/etiquette-ginkgo.jpg 499w, https:\/\/www.hdebalzac.fr\/wp-content\/uploads\/2021\/05\/etiquette-ginkgo-300x300.jpg 300w, https:\/\/www.hdebalzac.fr\/wp-content\/uploads\/2021\/05\/etiquette-ginkgo-150x150.jpg 150w\" sizes=\"(max-width: 499px) 100vw, 499px\" \/><figcaption>Ginkgo<\/figcaption><\/figure><\/div>\n\n\n\n<p>De passage dans \u00ab\u00a0l&rsquo;Ecole Foresti\u00e8re\u00a0\u00bb, nous nous sommes arr\u00eat\u00e9s devant l&rsquo;Oranger des Osages, ou <em>Maclura pomifera<\/em>, de la famille des Morac\u00e9es. C&rsquo;est donc un cousin am\u00e9ricain du m\u00fbrier, mais qui produit des fruits bien plus gros et bien plus durs. Deux autres sp\u00e9cimens anciens se trouvent \u00e0 Montpellier, un sur l&rsquo;esplanade Charles de Gaulle, et un \u00e0 la Vallette, \u00e0 Agropolis, au bord du Lez.<\/p>\n\n\n\n<p>Pour cl\u00f4turer en beaut\u00e9 cette visite qui aura \u00e9t\u00e9 trop courte et qui m\u00e9riterait d&rsquo;\u00eatre renouvel\u00e9e, nous avons eu acc\u00e8s \u00e0 la \u00ab\u00a0serre Martins\u00a0\u00bb. Elle abrite de nombreuses plantes de climats d\u00e9sertiques, des plantes grasses et succulentes, des cactus, et des plantes \u00e0 caudex, toutes tr\u00e8s r\u00e9sistantes \u00e0 la s\u00e9cheresse.<\/p>\n\n\n\n<div class=\"wp-block-image\"><figure class=\"aligncenter size-large\"><img loading=\"lazy\" decoding=\"async\" width=\"577\" height=\"433\" src=\"https:\/\/www.hdebalzac.fr\/wp-content\/uploads\/2021\/05\/pachypodium.jpg\" alt=\"Pachypodium\" class=\"wp-image-5018\" srcset=\"https:\/\/www.hdebalzac.fr\/wp-content\/uploads\/2021\/05\/pachypodium.jpg 577w, https:\/\/www.hdebalzac.fr\/wp-content\/uploads\/2021\/05\/pachypodium-300x225.jpg 300w\" sizes=\"(max-width: 577px) 100vw, 577px\" \/><figcaption>Pachypodium<\/figcaption><\/figure><\/div>\n\n\n\n<div class=\"wp-block-image\"><figure class=\"aligncenter size-large\"><img loading=\"lazy\" decoding=\"async\" width=\"433\" height=\"577\" src=\"https:\/\/www.hdebalzac.fr\/wp-content\/uploads\/2021\/05\/zygosicyos-rotated.jpg\" alt=\"Zygosicyos\" class=\"wp-image-5023\" srcset=\"https:\/\/www.hdebalzac.fr\/wp-content\/uploads\/2021\/05\/zygosicyos-rotated.jpg 433w, https:\/\/www.hdebalzac.fr\/wp-content\/uploads\/2021\/05\/zygosicyos-225x300.jpg 225w\" sizes=\"(max-width: 433px) 100vw, 433px\" \/><figcaption>Zygosicyos<\/figcaption><\/figure><\/div>\n\n\n\n<div class=\"wp-block-image\"><figure class=\"aligncenter size-large\"><img loading=\"lazy\" decoding=\"async\" width=\"720\" height=\"960\" src=\"https:\/\/www.hdebalzac.fr\/wp-content\/uploads\/2021\/05\/Jardin-des-Plantes-2014.jpg\" alt=\"Plan-Jardin-des-Plantes\" class=\"wp-image-5028\" srcset=\"https:\/\/www.hdebalzac.fr\/wp-content\/uploads\/2021\/05\/Jardin-des-Plantes-2014.jpg 720w, https:\/\/www.hdebalzac.fr\/wp-content\/uploads\/2021\/05\/Jardin-des-Plantes-2014-225x300.jpg 225w\" sizes=\"(max-width: 720px) 100vw, 720px\" \/><figcaption>Plan-Jardin-des-Plantes<\/figcaption><\/figure><\/div>\n","protected":false},"excerpt":{"rendered":"<p>Une vraie visite du Jardin des Plantes de Montpellier, pour les \u00e9l\u00e8ves de terminale bac professionnel Conduite de Productions Horticoles Avec le retour des cours en pr\u00e9sentiel, les \u00e9l\u00e8ves de [&hellip;]<\/p>\n","protected":false},"author":4,"featured_media":5011,"comment_status":"closed","ping_status":"open","sticky":false,"template":"","format":"standard","meta":{"ocean_post_layout":"","ocean_both_sidebars_style":"","ocean_both_sidebars_content_width":0,"ocean_both_sidebars_sidebars_width":0,"ocean_sidebar":"0","ocean_second_sidebar":"0","ocean_disable_margins":"enable","ocean_add_body_class":"","ocean_shortcode_before_top_bar":"","ocean_shortcode_after_top_bar":"","ocean_shortcode_before_header":"","ocean_shortcode_after_header":"","ocean_has_shortcode":"","ocean_shortcode_after_title":"","ocean_shortcode_before_footer_widgets":"","ocean_shortcode_after_footer_widgets":"","ocean_shortcode_before_footer_bottom":"","ocean_shortcode_after_footer_bottom":"","ocean_display_top_bar":"default","ocean_display_header":"default","ocean_header_style":"","ocean_center_header_left_menu":"0","ocean_custom_header_template":"0","ocean_custom_logo":0,"ocean_custom_retina_logo":0,"ocean_custom_logo_max_width":0,"ocean_custom_logo_tablet_max_width":0,"ocean_custom_logo_mobile_max_width":0,"ocean_custom_logo_max_height":0,"ocean_custom_logo_tablet_max_height":0,"ocean_custom_logo_mobile_max_height":0,"ocean_header_custom_menu":"0","ocean_menu_typo_font_family":"0","ocean_menu_typo_font_subset":"","ocean_menu_typo_font_size":0,"ocean_menu_typo_font_size_tablet":0,"ocean_menu_typo_font_size_mobile":0,"ocean_menu_typo_font_size_unit":"px","ocean_menu_typo_font_weight":"","ocean_menu_typo_font_weight_tablet":"","ocean_menu_typo_font_weight_mobile":"","ocean_menu_typo_transform":"","ocean_menu_typo_transform_tablet":"","ocean_menu_typo_transform_mobile":"","ocean_menu_typo_line_height":0,"ocean_menu_typo_line_height_tablet":0,"ocean_menu_typo_line_height_mobile":0,"ocean_menu_typo_line_height_unit":"","ocean_menu_typo_spacing":0,"ocean_menu_typo_spacing_tablet":0,"ocean_menu_typo_spacing_mobile":0,"ocean_menu_typo_spacing_unit":"","ocean_menu_link_color":"","ocean_menu_link_color_hover":"","ocean_menu_link_color_active":"","ocean_menu_link_background":"","ocean_menu_link_hover_background":"","ocean_menu_link_active_background":"","ocean_menu_social_links_bg":"","ocean_menu_social_hover_links_bg":"","ocean_menu_social_links_color":"","ocean_menu_social_hover_links_color":"","ocean_disable_title":"default","ocean_disable_heading":"default","ocean_post_title":"","ocean_post_subheading":"","ocean_post_title_style":"","ocean_post_title_background_color":"","ocean_post_title_background":0,"ocean_post_title_bg_image_position":"","ocean_post_title_bg_image_attachment":"","ocean_post_title_bg_image_repeat":"","ocean_post_title_bg_image_size":"","ocean_post_title_height":0,"ocean_post_title_bg_overlay":0.5,"ocean_post_title_bg_overlay_color":"","ocean_disable_breadcrumbs":"default","ocean_breadcrumbs_color":"","ocean_breadcrumbs_separator_color":"","ocean_breadcrumbs_links_color":"","ocean_breadcrumbs_links_hover_color":"","ocean_display_footer_widgets":"default","ocean_display_footer_bottom":"default","ocean_custom_footer_template":"0","omw_enable_modal_window":"enable","ocean_post_oembed":"","ocean_post_self_hosted_media":"","ocean_post_video_embed":"","ocean_link_format":"","ocean_link_format_target":"self","ocean_quote_format":"","ocean_quote_format_link":"post","ocean_gallery_link_images":"off","ocean_gallery_id":[5011],"footnotes":""},"categories":[3],"tags":[22],"class_list":["post-5005","post","type-post","status-publish","format-standard","has-post-thumbnail","hentry","category-formation","tag-sortie-pedagogique","entry","has-media"],"jetpack_featured_media_url":"https:\/\/www.hdebalzac.fr\/wp-content\/uploads\/2021\/05\/compo-fleur-jardin-bot-scaled.jpg","views":"","publishpress_future_action":{"enabled":false,"date":"2026-05-02 06:54:07","action":"change-status","newStatus":"draft","terms":[],"taxonomy":"category","extraData":[]},"publishpress_future_workflow_manual_trigger":{"enabledWorkflows":[]},"_links":{"self":[{"href":"https:\/\/www.hdebalzac.fr\/index.php\/wp-json\/wp\/v2\/posts\/5005","targetHints":{"allow":["GET"]}}],"collection":[{"href":"https:\/\/www.hdebalzac.fr\/index.php\/wp-json\/wp\/v2\/posts"}],"about":[{"href":"https:\/\/www.hdebalzac.fr\/index.php\/wp-json\/wp\/v2\/types\/post"}],"author":[{"embeddable":true,"href":"https:\/\/www.hdebalzac.fr\/index.php\/wp-json\/wp\/v2\/users\/4"}],"replies":[{"embeddable":true,"href":"https:\/\/www.hdebalzac.fr\/index.php\/wp-json\/wp\/v2\/comments?post=5005"}],"version-history":[{"count":16,"href":"https:\/\/www.hdebalzac.fr\/index.php\/wp-json\/wp\/v2\/posts\/5005\/revisions"}],"predecessor-version":[{"id":5209,"href":"https:\/\/www.hdebalzac.fr\/index.php\/wp-json\/wp\/v2\/posts\/5005\/revisions\/5209"}],"wp:featuredmedia":[{"embeddable":true,"href":"https:\/\/www.hdebalzac.fr\/index.php\/wp-json\/wp\/v2\/media\/5011"}],"wp:attachment":[{"href":"https:\/\/www.hdebalzac.fr\/index.php\/wp-json\/wp\/v2\/media?parent=5005"}],"wp:term":[{"taxonomy":"category","embeddable":true,"href":"https:\/\/www.hdebalzac.fr\/index.php\/wp-json\/wp\/v2\/categories?post=5005"},{"taxonomy":"post_tag","embeddable":true,"href":"https:\/\/www.hdebalzac.fr\/index.php\/wp-json\/wp\/v2\/tags?post=5005"}],"curies":[{"name":"wp","href":"https:\/\/api.w.org\/{rel}","templated":true}]}}