{"id":1708,"date":"2020-03-05T15:31:15","date_gmt":"2020-03-05T14:31:15","guid":{"rendered":"http:\/\/www.hdebalzac.fr\/?p=1708"},"modified":"2021-06-22T13:51:06","modified_gmt":"2021-06-22T11:51:06","slug":"hope-2-be-tree-challenge","status":"publish","type":"post","link":"https:\/\/www.hdebalzac.fr\/index.php\/2020\/03\/05\/hope-2-be-tree-challenge\/","title":{"rendered":"HOPE 2 BE TREE CHALLENGE"},"content":{"rendered":"\n<h2 class=\"wp-block-heading\"><strong>Hope 2 Be Tree Challenge<\/strong><\/h2>\n\n\n\n<p>Inspir\u00e9s des mouvements plan\u00e9taires et locaux d\u2019actions contre la lutte du r\u00e9chauffement de la plan\u00e8te et de l\u2019am\u00e9lioration du cadre de vie des citoyens; les \u00e9l\u00e8ves du lyc\u00e9e professionnel agricole Honor\u00e9 de Balzac situ\u00e9 \u00e0 Castelnau-le-Lez pr\u00e8s de Montpellier ont invit\u00e9 des coll\u00e8ges de l\u2019agglom\u00e9ration \u00e0 relever un challenge.<\/p>\n\n\n\n<p>Le d\u00e9fi : planter un arbre symbolique dans chaque coll\u00e8ge pour aborder les probl\u00e9matiques li\u00e9s au r\u00e9chauffement climatique, \u00e0 la d\u00e9forestation et aux atouts des arbres pour notre agglom\u00e9ration.&nbsp;<\/p>\n\n\n\n<p>Le premier coll\u00e8ge qui nous a ouvert ses portes est le coll\u00e8ge Fran\u00e7ois Villon qui se situe \u00e0 Saint-G\u00e9ly-du-Fesc. C\u2019\u00e9tait le vendredi 07 f\u00e9vrier 2020 veille des vacances scolaires d\u2019hiver.<\/p>\n\n\n\n<figure class=\"wp-block-image size-large\"><img fetchpriority=\"high\" decoding=\"async\" width=\"686\" height=\"509\" src=\"http:\/\/www.hdebalzac.fr\/wp-content\/uploads\/2021\/01\/ht.png\" alt=\"\" class=\"wp-image-1711\" srcset=\"https:\/\/www.hdebalzac.fr\/wp-content\/uploads\/2021\/01\/ht.png 686w, https:\/\/www.hdebalzac.fr\/wp-content\/uploads\/2021\/01\/ht-300x223.png 300w\" sizes=\"(max-width: 686px) 100vw, 686px\" \/><\/figure>\n\n\n\n<p>En \u00e9troite collaboration avec ce coll\u00e8ge, le choix a \u00e9t\u00e9 port\u00e9 de planter un pommier Royal Gala, rare esp\u00e8ce de ce genre \u00e0 pouvoir supporter les conditions p\u00e9doclimatiques du d\u00e9partement.&nbsp;<\/p>\n\n\n\n<p>Madame Anne Cordier, professeure d\u2019histoire g\u00e9ographie dans ce coll\u00e8ge a accueilli nos lyc\u00e9ens avec bienveillance. Une vingtaine d\u2019\u00e9co-d\u00e9l\u00e9gu\u00e9s du coll\u00e8ge \u00e9taient pr\u00e9sents pour assister aux animations et \u00e0 la plantation.<\/p>\n\n\n\n<p>Ces \u00e9co-d\u00e9l\u00e9gu\u00e9s auront la mission de communiquer, de transmettre et de f\u00e9d\u00e9rer autour de cette cause dans leur \u00e9tablissement et plus largement au niveau local.<\/p>\n\n\n\n<p>Fort de la technicit\u00e9 acquise dans leur formation professionnelle, les lyc\u00e9ens ont pu \u00e9changer sur les techniques de plantation, l\u2019arboriculture en France et dans le monde, le suivi de plantation et les caract\u00e9ristiques biologiques de l\u2019arbre plant\u00e9.&nbsp;<\/p>\n\n\n\n<p>Les coll\u00e9giens, \u00e9paul\u00e9s par nos \u00e9l\u00e8ves ont tous contribu\u00e9 \u00e0 la plantation, les mains dans la terre, fiers de cette action collaborative pour tous ces passionn\u00e9s de plantes et de nature.<\/p>\n\n\n\n<p>Les coll\u00e9giens de toute l\u2019agglom\u00e9ration ont \u00e9t\u00e9 invit\u00e9s \u00e0 se rendre dans notre lyc\u00e9e pour d\u00e9couvrir les sp\u00e9cificit\u00e9s des formations innovantes que nous proposons autour de l\u2019am\u00e9nagement, la production horticole, le mara\u00eechage, la vente de produits de jardins, la transformation de produits&#8230;<\/p>\n\n\n\n<p>Nos lyc\u00e9ens se d\u00e9placeront dans plusieurs coll\u00e8ges jusqu\u2019en avril pour rencontrer d\u2019autres coll\u00e9giens passionn\u00e9s.<\/p>\n\n\n\n<p>Notre \u00e9tablissement ouvrira ses portes le samedi 28 mars 2020, de 09h \u00e0 12h30.<\/p>\n\n\n\n<p><strong>Hope 2 Be Tree Challenge<\/strong><\/p>\n\n\n\n<p>Inspir\u00e9s des mouvements plan\u00e9taires et locaux d\u2019actions contre la lutte du r\u00e9chauffement de la plan\u00e8te et de l\u2019am\u00e9lioration du cadre de vie des citoyens, les \u00e9l\u00e8ves du lyc\u00e9e professionnel agricole Honor\u00e9 de Balzac situ\u00e9 \u00e0 Castelnau-le-Lez pr\u00e8s de Montpellier ont invit\u00e9 des coll\u00e8ges de l\u2019agglom\u00e9ration \u00e0 relever un challenge.<\/p>\n\n\n\n<p>Le d\u00e9fi : planter un arbre symbolique dans chaque coll\u00e8ge pour aborder les probl\u00e9matiques li\u00e9s au r\u00e9chauffement climatique, \u00e0 la d\u00e9forestation et aux atouts des arbres dans les zones urbaines.&nbsp;<\/p>\n\n\n\n<p>Le 28 f\u00e9vrier 2020, les \u00e9l\u00e8ves de premi\u00e8re baccalaur\u00e9at professionnel \u00ab&nbsp;Conduite de Productions Horticoles&nbsp;\u00bb ont organis\u00e9 leur deuxi\u00e8me animation, et c\u2019est le coll\u00e8ge Gaston Doumergue \u00e0 Sommi\u00e8res dans le Gard qui nous a accueilli. Des \u00e9l\u00e8ves accompagn\u00e9s de leur professeur de technologie M. Aza\u00efs et du principal de l\u2019\u00e9tablissement M. Blum attendaient notre venue avec impatience. Dans le cadre du parcours avenir, c\u2019est une trentaine d\u2019\u00e9l\u00e8ves, tous int\u00e9ress\u00e9s par les m\u00e9tiers en lien avec la nature qui ont \u0153uvr\u00e9s, aux c\u00f4t\u00e9s des lyc\u00e9ens \u00e0 la plantation d\u2019un arbre peu commun&nbsp;: le Ginkgo biloba.<\/p>\n\n\n\n<p>Cet arbre original, ou plut\u00f4t ce conif\u00e8re (class\u00e9 dans cette cat\u00e9gorie pour la morphologie de sa fleur) originaire de Chine, est appel\u00e9 arbre aux 40 \u00e9cus (pour nous rappeler son feuillage de couleur or en automne), est tr\u00e8s r\u00e9sistant au temps, aux parasites, \u00e0 la s\u00e9cheresse et \u00e0 la pollution. Il fut introduit en Europe en 1727 et en 1778 au jardin botanique de Montpellier. Ce fut d\u2019ailleurs la premi\u00e8re esp\u00e8ce v\u00e9g\u00e9tale \u00e0 red\u00e9marrer au printemps apr\u00e8s l\u2019explosion nucl\u00e9aire d\u2019Hiroshima au Japon.<\/p>\n\n\n\n<p>Les coll\u00e9giens ont d\u2019abord assist\u00e9s \u00e0 une animation en classe ludique et de d\u00e9couverte autour de l\u2019arbre en g\u00e9n\u00e9ral, de son importance dans les \u00e9cosyst\u00e8mes et aux probl\u00e8mes de soci\u00e9t\u00e9s (d\u00e9forestation, v\u00e9g\u00e9talisation des zones urbaines&#8230;) avant la tr\u00e8s attendue plantation au centre de la cour de ce coll\u00e8ge.<\/p>\n\n\n\n<p>Les coll\u00e9giens, \u00e9paul\u00e9s par nos \u00e9l\u00e8ves ont tous contribu\u00e9 \u00e0 la plantation, les mains dans la terre, en nous aidant \u00e0 creuser la fosse de plantation dans un sol frais et argileux ou encore en pr\u00e9parant l\u2019amendement n\u00e9cessaire. Tous \u00e9taient fiers de cette action collaborative pour tous ces passionn\u00e9s de plantes et de nature. D\u2019autres coll\u00e9giens, n\u2019ont pas h\u00e9sit\u00e9 \u00e0 poser des questions aux lyc\u00e9ens pendant la r\u00e9cr\u00e9ation, il faut dire que le chantier de plantation a attir\u00e9 de nombreux curieux, tous soucieux du cadre de vie de leur coll\u00e8ge. Rappelons que ce coll\u00e8ge est inscrit dans une d\u00e9marche de gestion diff\u00e9renci\u00e9e de ses espaces verts et que les \u00e9cod\u00e9l\u00e9gu\u00e9s d\u00e9veloppent et communiquent autour de diverses actions qu\u2019ils entreprennent.<\/p>\n\n\n\n<p>Fort de la technicit\u00e9 acquise dans leur formation professionnelle, les lyc\u00e9ens ont pu \u00e9changer sur les techniques de plantation et les caract\u00e9ristiques morphologiques de l\u2019arbre plant\u00e9.&nbsp;Quant au suivi de plantation, les coll\u00e9giens ont promis de veiller \u00e0 son arrosage et attendent le d\u00e9bourrement et l\u2019arriv\u00e9e des premi\u00e8res feuilles avec impatience.<\/p>\n\n\n\n<p>Les coll\u00e9giens de toute l\u2019agglom\u00e9ration ont \u00e9t\u00e9 invit\u00e9s \u00e0 se rendre dans notre lyc\u00e9e pour d\u00e9couvrir les sp\u00e9cificit\u00e9s des formations innovantes que nous proposons autour de l\u2019am\u00e9nagement, la production horticole, le mara\u00eechage, la vente de produits de jardins, la transformation de produits&#8230;<\/p>\n\n\n\n<p>Nos lyc\u00e9ens se d\u00e9placeront dans plusieurs coll\u00e8ges jusqu\u2019en avril pour rencontrer d\u2019autres coll\u00e9giens passionn\u00e9s.<\/p>\n\n\n\n<p>Notre \u00e9tablissement ouvrira ses portes le samedi 28 mars 2020, de 09h \u00e0 12h30.<\/p>\n","protected":false},"excerpt":{"rendered":"<p>Hope 2 Be Tree Challenge Inspir\u00e9s des mouvements plan\u00e9taires et locaux d\u2019actions contre la lutte du r\u00e9chauffement de la plan\u00e8te et de l\u2019am\u00e9lioration du cadre de vie des citoyens; les [&hellip;]<\/p>\n","protected":false},"author":1,"featured_media":1710,"comment_status":"closed","ping_status":"open","sticky":false,"template":"","format":"standard","meta":{"ocean_post_layout":"","ocean_both_sidebars_style":"","ocean_both_sidebars_content_width":0,"ocean_both_sidebars_sidebars_width":0,"ocean_sidebar":"0","ocean_second_sidebar":"0","ocean_disable_margins":"enable","ocean_add_body_class":"","ocean_shortcode_before_top_bar":"","ocean_shortcode_after_top_bar":"","ocean_shortcode_before_header":"","ocean_shortcode_after_header":"","ocean_has_shortcode":"","ocean_shortcode_after_title":"","ocean_shortcode_before_footer_widgets":"","ocean_shortcode_after_footer_widgets":"","ocean_shortcode_before_footer_bottom":"","ocean_shortcode_after_footer_bottom":"","ocean_display_top_bar":"default","ocean_display_header":"default","ocean_header_style":"","ocean_center_header_left_menu":"0","ocean_custom_header_template":"0","ocean_custom_logo":0,"ocean_custom_retina_logo":0,"ocean_custom_logo_max_width":0,"ocean_custom_logo_tablet_max_width":0,"ocean_custom_logo_mobile_max_width":0,"ocean_custom_logo_max_height":0,"ocean_custom_logo_tablet_max_height":0,"ocean_custom_logo_mobile_max_height":0,"ocean_header_custom_menu":"0","ocean_menu_typo_font_family":"0","ocean_menu_typo_font_subset":"","ocean_menu_typo_font_size":0,"ocean_menu_typo_font_size_tablet":0,"ocean_menu_typo_font_size_mobile":0,"ocean_menu_typo_font_size_unit":"px","ocean_menu_typo_font_weight":"","ocean_menu_typo_font_weight_tablet":"","ocean_menu_typo_font_weight_mobile":"","ocean_menu_typo_transform":"","ocean_menu_typo_transform_tablet":"","ocean_menu_typo_transform_mobile":"","ocean_menu_typo_line_height":0,"ocean_menu_typo_line_height_tablet":0,"ocean_menu_typo_line_height_mobile":0,"ocean_menu_typo_line_height_unit":"","ocean_menu_typo_spacing":0,"ocean_menu_typo_spacing_tablet":0,"ocean_menu_typo_spacing_mobile":0,"ocean_menu_typo_spacing_unit":"","ocean_menu_link_color":"","ocean_menu_link_color_hover":"","ocean_menu_link_color_active":"","ocean_menu_link_background":"","ocean_menu_link_hover_background":"","ocean_menu_link_active_background":"","ocean_menu_social_links_bg":"","ocean_menu_social_hover_links_bg":"","ocean_menu_social_links_color":"","ocean_menu_social_hover_links_color":"","ocean_disable_title":"on","ocean_disable_heading":"default","ocean_post_title":"","ocean_post_subheading":"","ocean_post_title_style":"","ocean_post_title_background_color":"","ocean_post_title_background":0,"ocean_post_title_bg_image_position":"","ocean_post_title_bg_image_attachment":"","ocean_post_title_bg_image_repeat":"","ocean_post_title_bg_image_size":"","ocean_post_title_height":0,"ocean_post_title_bg_overlay":0.5,"ocean_post_title_bg_overlay_color":"","ocean_disable_breadcrumbs":"off","ocean_breadcrumbs_color":"","ocean_breadcrumbs_separator_color":"","ocean_breadcrumbs_links_color":"","ocean_breadcrumbs_links_hover_color":"","ocean_display_footer_widgets":"default","ocean_display_footer_bottom":"default","ocean_custom_footer_template":"0","omw_enable_modal_window":"enable","ocean_post_oembed":"","ocean_post_self_hosted_media":"","ocean_post_video_embed":"","ocean_link_format":"","ocean_link_format_target":"self","ocean_quote_format":"","ocean_quote_format_link":"post","ocean_gallery_link_images":"off","ocean_gallery_id":[],"footnotes":""},"categories":[9],"tags":[],"class_list":["post-1708","post","type-post","status-publish","format-standard","has-post-thumbnail","hentry","category-developpement-durable","entry","has-media"],"jetpack_featured_media_url":"https:\/\/www.hdebalzac.fr\/wp-content\/uploads\/2021\/01\/Capture-ht.png","views":"","publishpress_future_action":{"enabled":false,"date":"2026-05-09 14:12:04","action":"change-status","newStatus":"draft","terms":[],"taxonomy":"category","extraData":[]},"publishpress_future_workflow_manual_trigger":{"enabledWorkflows":[]},"_links":{"self":[{"href":"https:\/\/www.hdebalzac.fr\/index.php\/wp-json\/wp\/v2\/posts\/1708","targetHints":{"allow":["GET"]}}],"collection":[{"href":"https:\/\/www.hdebalzac.fr\/index.php\/wp-json\/wp\/v2\/posts"}],"about":[{"href":"https:\/\/www.hdebalzac.fr\/index.php\/wp-json\/wp\/v2\/types\/post"}],"author":[{"embeddable":true,"href":"https:\/\/www.hdebalzac.fr\/index.php\/wp-json\/wp\/v2\/users\/1"}],"replies":[{"embeddable":true,"href":"https:\/\/www.hdebalzac.fr\/index.php\/wp-json\/wp\/v2\/comments?post=1708"}],"version-history":[{"count":4,"href":"https:\/\/www.hdebalzac.fr\/index.php\/wp-json\/wp\/v2\/posts\/1708\/revisions"}],"predecessor-version":[{"id":5263,"href":"https:\/\/www.hdebalzac.fr\/index.php\/wp-json\/wp\/v2\/posts\/1708\/revisions\/5263"}],"wp:featuredmedia":[{"embeddable":true,"href":"https:\/\/www.hdebalzac.fr\/index.php\/wp-json\/wp\/v2\/media\/1710"}],"wp:attachment":[{"href":"https:\/\/www.hdebalzac.fr\/index.php\/wp-json\/wp\/v2\/media?parent=1708"}],"wp:term":[{"taxonomy":"category","embeddable":true,"href":"https:\/\/www.hdebalzac.fr\/index.php\/wp-json\/wp\/v2\/categories?post=1708"},{"taxonomy":"post_tag","embeddable":true,"href":"https:\/\/www.hdebalzac.fr\/index.php\/wp-json\/wp\/v2\/tags?post=1708"}],"curies":[{"name":"wp","href":"https:\/\/api.w.org\/{rel}","templated":true}]}}