{"id":10860,"date":"2025-12-08T16:44:59","date_gmt":"2025-12-08T15:44:59","guid":{"rendered":"https:\/\/www.hdebalzac.fr\/?p=10860"},"modified":"2026-01-21T09:58:24","modified_gmt":"2026-01-21T08:58:24","slug":"marche-de-noel-2025-aux-serres-de-la-frondaie","status":"publish","type":"post","link":"https:\/\/www.hdebalzac.fr\/index.php\/2025\/12\/08\/marche-de-noel-2025-aux-serres-de-la-frondaie\/","title":{"rendered":"March\u00e9 de No\u00ebl 2025 aux Serres de la Frondaie"},"content":{"rendered":"\n<p>Les \u00e9l\u00e8ves de la classe de Premi\u00e8re Technicien Conseil Vente Univers Jardinerie (Baccalaur\u00e9at Professionnel) organisent leur March\u00e9 de No\u00ebl dans les Serres de la Frondaie au LPA Honor\u00e9 de Balzac.<\/p>\n\n\n\n<p>Ils vous accueilleront dans une ambiance festive et de saison, et proposeront \u00e0 la vente des couronnes de No\u00ebl, et des coupes de plantes fleuries.<\/p>\n\n\n\n<p>Les Serres de la Frondaie vous proposent leurs Poinsettias rouges (Etoiles de No\u00ebl) produites sur place, ce qui est un gage de fra\u00eecheur, ainsi qu\u2019un assortiment de plantes de saison \u00e0 partir de 2\u20ac pi\u00e8ce&nbsp;: jacinthes, cactus de No\u00ebl, orchid\u00e9es, hell\u00e9bores, azal\u00e9es, kalancho\u00e9, plantes vertes, plantes grasses\u2026<\/p>\n\n\n\n<p>En outre, venez d\u00e9couvrir les produits d\u2019exposants locaux et artisanaux&nbsp;:<\/p>\n\n\n\n<p>1- Brasserie la Matc\u00e9<\/p>\n\n\n\n<p>La MatC\u00e9 est une bi\u00e8re brass\u00e9e au c\u0153ur de la ville de Montpellier, dans le quartier des Aubes qui produit une bi\u00e8re de qualit\u00e9 confectionn\u00e9e dans une d\u00e9marche respectueuse de l\u2019environnement et \u00e0 partir de mati\u00e8res premi\u00e8res issues principalement de notre r\u00e9gion.<\/p>\n\n\n\n<p><a href=\"https:\/\/www.la-matce.fr\">https:\/\/www.la-matce.fr<\/a><\/p>\n\n\n\n<p>2- ESAT l&rsquo;Envol de Castelnau-le-Lez<\/p>\n\n\n\n<p>Atelier de confection&nbsp;: cr\u00e9ation originale de pi\u00e8ces \u00e0 partir d\u2019un patron, adepte du mouvement \u00ab&nbsp;slow fashion&nbsp;\u00bb, qui privil\u00e9ge les mati\u00e8res recyclables et les textiles v\u00e9g\u00e9taux.<\/p>\n\n\n\n<p><a href=\"https:\/\/www.unik-esat.fr\/esat\/esat-lenvol-castelnau-le-lez\">https:\/\/www.unik-esat.fr\/esat\/esat-lenvol-castelnau-le-lez<\/a><\/p>\n\n\n\n<p>3- Miels Demoiz&rsquo;ailes<\/p>\n\n\n\n<p>Apicultrice au Cr\u00e8s, productrice d\u2019une large gamme de miels exclusivement produits par nos abeilles et r\u00e9colt\u00e9s par nos soins. Apiculture transhumante qui signifie un transport des ruches au fil de la saison et des floraisons dans le Sud Est de la France.<\/p>\n\n\n\n<p><a href=\"https:\/\/www.instagram.com\/demoiz.ailes\">https:\/\/www.instagram.com\/demoiz.ailes<\/a><\/p>\n\n\n\n<p>4- Praline Cake Art<\/p>\n\n\n\n<p>Sabl\u00e9s de No\u00ebl et mignardises par une cheffe p\u00e2tissi\u00e8re au Cr\u00e9s.<\/p>\n\n\n\n<p><a href=\"https:\/\/www.instagram.com\/praline.cakeart\">https:\/\/www.instagram.com\/praline.cakeart<\/a><\/p>\n\n\n\n<p>5- Saveurs de la Doux<\/p>\n\n\n\n<p>Isabelle Ehret vous propose ses confitures d\u2019agrumes artisanales \u00e0 partir de fruits produits sur son exploitation, situ\u00e9e dans le Haut Languedoc pr\u00e8s de B\u00e9darieux.<\/p>\n\n\n\n<p>6- vin clos Gisone<\/p>\n\n\n\n<p>Corinne Gisone, vigneronne passionn\u00e9e et engag\u00e9e, vous invite \u00e0 d\u00e9couvrir son domaine, le Clos Gisone situ\u00e9 \u00e0 Montblanc. Elle s&rsquo;engage \u00e0 respecter l&rsquo;environnement \u00e0 la fois dans les vignes et en cave, pour produire des vins vivants, exprimant toute leur complexit\u00e9 propre.<\/p>\n\n\n\n<p><a href=\"https:\/\/www.closgisone.fr\">https:\/\/www.closgisone.fr<\/a><\/p>\n\n\n\n<p>7- Confitures Claire d\u2019OC<\/p>\n\n\n\n<p>Produits 100% fait maison, s\u00e9lectionn\u00e9s avec soins et rigueur. D\u00e9marche raisonn\u00e9e. Confitures de fruits locaux comme la figue, l&rsquo;abricot mais \u00e9galement des saveurs plus originales comme pommes-poires-vanille, orange-gingembre\u2026<\/p>\n\n\n\n<p><a href=\"https:\/\/www.facebook.com\/clairedoc34\">https:\/\/www.facebook.com\/clairedoc34<\/a><\/p>\n\n\n\n<p><\/p>\n","protected":false},"excerpt":{"rendered":"<p>Les \u00e9l\u00e8ves de la classe de Premi\u00e8re Technicien Conseil Vente Univers Jardinerie (Baccalaur\u00e9at Professionnel) organisent leur March\u00e9 de No\u00ebl dans les Serres de la Frondaie au LPA Honor\u00e9 de Balzac. [&hellip;]<\/p>\n","protected":false},"author":1,"featured_media":10861,"comment_status":"closed","ping_status":"open","sticky":false,"template":"","format":"standard","meta":{"ocean_post_layout":"","ocean_both_sidebars_style":"","ocean_both_sidebars_content_width":0,"ocean_both_sidebars_sidebars_width":0,"ocean_sidebar":"0","ocean_second_sidebar":"0","ocean_disable_margins":"enable","ocean_add_body_class":"","ocean_shortcode_before_top_bar":"","ocean_shortcode_after_top_bar":"","ocean_shortcode_before_header":"","ocean_shortcode_after_header":"","ocean_has_shortcode":"","ocean_shortcode_after_title":"","ocean_shortcode_before_footer_widgets":"","ocean_shortcode_after_footer_widgets":"","ocean_shortcode_before_footer_bottom":"","ocean_shortcode_after_footer_bottom":"","ocean_display_top_bar":"default","ocean_display_header":"default","ocean_header_style":"","ocean_center_header_left_menu":"0","ocean_custom_header_template":"0","ocean_custom_logo":0,"ocean_custom_retina_logo":0,"ocean_custom_logo_max_width":0,"ocean_custom_logo_tablet_max_width":0,"ocean_custom_logo_mobile_max_width":0,"ocean_custom_logo_max_height":0,"ocean_custom_logo_tablet_max_height":0,"ocean_custom_logo_mobile_max_height":0,"ocean_header_custom_menu":"0","ocean_menu_typo_font_family":"0","ocean_menu_typo_font_subset":"","ocean_menu_typo_font_size":0,"ocean_menu_typo_font_size_tablet":0,"ocean_menu_typo_font_size_mobile":0,"ocean_menu_typo_font_size_unit":"px","ocean_menu_typo_font_weight":"","ocean_menu_typo_font_weight_tablet":"","ocean_menu_typo_font_weight_mobile":"","ocean_menu_typo_transform":"","ocean_menu_typo_transform_tablet":"","ocean_menu_typo_transform_mobile":"","ocean_menu_typo_line_height":0,"ocean_menu_typo_line_height_tablet":0,"ocean_menu_typo_line_height_mobile":0,"ocean_menu_typo_line_height_unit":"","ocean_menu_typo_spacing":0,"ocean_menu_typo_spacing_tablet":0,"ocean_menu_typo_spacing_mobile":0,"ocean_menu_typo_spacing_unit":"","ocean_menu_link_color":"","ocean_menu_link_color_hover":"","ocean_menu_link_color_active":"","ocean_menu_link_background":"","ocean_menu_link_hover_background":"","ocean_menu_link_active_background":"","ocean_menu_social_links_bg":"","ocean_menu_social_hover_links_bg":"","ocean_menu_social_links_color":"","ocean_menu_social_hover_links_color":"","ocean_disable_title":"default","ocean_disable_heading":"default","ocean_post_title":"","ocean_post_subheading":"","ocean_post_title_style":"","ocean_post_title_background_color":"","ocean_post_title_background":0,"ocean_post_title_bg_image_position":"","ocean_post_title_bg_image_attachment":"","ocean_post_title_bg_image_repeat":"","ocean_post_title_bg_image_size":"","ocean_post_title_height":0,"ocean_post_title_bg_overlay":0.5,"ocean_post_title_bg_overlay_color":"","ocean_disable_breadcrumbs":"default","ocean_breadcrumbs_color":"","ocean_breadcrumbs_separator_color":"","ocean_breadcrumbs_links_color":"","ocean_breadcrumbs_links_hover_color":"","ocean_display_footer_widgets":"default","ocean_display_footer_bottom":"default","ocean_custom_footer_template":"0","omw_enable_modal_window":"enable","ocean_post_oembed":"","ocean_post_self_hosted_media":"","ocean_post_video_embed":"","ocean_link_format":"","ocean_link_format_target":"self","ocean_quote_format":"","ocean_quote_format_link":"post","ocean_gallery_link_images":"on","ocean_gallery_id":[],"footnotes":""},"categories":[55,3],"tags":[],"class_list":["post-10860","post","type-post","status-publish","format-standard","has-post-thumbnail","hentry","category-exploitation-horticole","category-formation","entry","has-media"],"jetpack_featured_media_url":"https:\/\/www.hdebalzac.fr\/wp-content\/uploads\/2025\/12\/affiche-marche-de-Noel.png","views":"","publishpress_future_action":{"enabled":false,"date":"2026-05-08 12:00:25","action":"change-status","newStatus":"draft","terms":[],"taxonomy":"category","extraData":[]},"publishpress_future_workflow_manual_trigger":{"enabledWorkflows":[]},"_links":{"self":[{"href":"https:\/\/www.hdebalzac.fr\/index.php\/wp-json\/wp\/v2\/posts\/10860","targetHints":{"allow":["GET"]}}],"collection":[{"href":"https:\/\/www.hdebalzac.fr\/index.php\/wp-json\/wp\/v2\/posts"}],"about":[{"href":"https:\/\/www.hdebalzac.fr\/index.php\/wp-json\/wp\/v2\/types\/post"}],"author":[{"embeddable":true,"href":"https:\/\/www.hdebalzac.fr\/index.php\/wp-json\/wp\/v2\/users\/1"}],"replies":[{"embeddable":true,"href":"https:\/\/www.hdebalzac.fr\/index.php\/wp-json\/wp\/v2\/comments?post=10860"}],"version-history":[{"count":4,"href":"https:\/\/www.hdebalzac.fr\/index.php\/wp-json\/wp\/v2\/posts\/10860\/revisions"}],"predecessor-version":[{"id":10870,"href":"https:\/\/www.hdebalzac.fr\/index.php\/wp-json\/wp\/v2\/posts\/10860\/revisions\/10870"}],"wp:featuredmedia":[{"embeddable":true,"href":"https:\/\/www.hdebalzac.fr\/index.php\/wp-json\/wp\/v2\/media\/10861"}],"wp:attachment":[{"href":"https:\/\/www.hdebalzac.fr\/index.php\/wp-json\/wp\/v2\/media?parent=10860"}],"wp:term":[{"taxonomy":"category","embeddable":true,"href":"https:\/\/www.hdebalzac.fr\/index.php\/wp-json\/wp\/v2\/categories?post=10860"},{"taxonomy":"post_tag","embeddable":true,"href":"https:\/\/www.hdebalzac.fr\/index.php\/wp-json\/wp\/v2\/tags?post=10860"}],"curies":[{"name":"wp","href":"https:\/\/api.w.org\/{rel}","templated":true}]}}